{"id":5945,"date":"2020-12-21T19:00:00","date_gmt":"2020-12-21T18:00:00","guid":{"rendered":"https:\/\/wheelchair-tours.org\/?p=5945"},"modified":"2021-05-23T18:55:16","modified_gmt":"2021-05-23T16:55:16","slug":"brixen-barrierefrei-die-bischofsstadt-im-eisacktal","status":"publish","type":"post","link":"https:\/\/wheelchair-tours.org\/it\/2020\/12\/21\/brixen-barrierefrei-die-bischofsstadt-im-eisacktal\/","title":{"rendered":"Bressanone - con la sedia a rotelle attraverso la citt\u00e0 vescovile"},"content":{"rendered":"<div data-elementor-type=\"wp-post\" data-elementor-id=\"5945\" class=\"elementor elementor-5945\">\n\t\t\t\t\t\t\t\t\t<section class=\"has_eae_slider elementor-section elementor-top-section elementor-element elementor-element-1f34ab42 elementor-section-boxed elementor-section-height-default elementor-section-height-default\" data-eae-slider=\"74230\" data-id=\"1f34ab42\" data-element_type=\"section\">\n\t\t\t\t\t\t<div class=\"elementor-container elementor-column-gap-default\">\n\t\t\t\t\t<div class=\"has_eae_slider elementor-column elementor-col-100 elementor-top-column elementor-element elementor-element-5aa55f11\" data-eae-slider=\"37277\" data-id=\"5aa55f11\" data-element_type=\"column\">\n\t\t\t<div class=\"elementor-widget-wrap elementor-element-populated\">\n\t\t\t\t\t\t\t\t<div class=\"elementor-element elementor-element-72451e90 elementor-widget elementor-widget-heading\" data-id=\"72451e90\" data-element_type=\"widget\" data-widget_type=\"heading.default\">\n\t\t\t\t<div class=\"elementor-widget-container\">\n\t\t\t<h2 class=\"elementor-heading-title elementor-size-default\">Il comune di Brixen im Eisacktal<\/h2>\t\t<\/div>\n\t\t\t\t<\/div>\n\t\t\t\t<div class=\"elementor-element elementor-element-5f95037b elementor-widget-divider--view-line elementor-widget elementor-widget-divider\" data-id=\"5f95037b\" data-element_type=\"widget\" data-widget_type=\"divider.default\">\n\t\t\t\t<div class=\"elementor-widget-container\">\n\t\t\t\t\t<div class=\"elementor-divider\">\n\t\t\t<span class=\"elementor-divider-separator\">\n\t\t\t\t\t\t<\/span>\n\t\t<\/div>\n\t\t\t\t<\/div>\n\t\t\t\t<\/div>\n\t\t\t\t<div class=\"elementor-element elementor-element-7edf94f8 elementor-widget elementor-widget-heading\" data-id=\"7edf94f8\" data-element_type=\"widget\" data-widget_type=\"heading.default\">\n\t\t\t\t<div class=\"elementor-widget-container\">\n\t\t\t<h5 class=\"elementor-heading-title elementor-size-default\">Senza barriere in arrivo a Bressanone<\/h5>\t\t<\/div>\n\t\t\t\t<\/div>\n\t\t\t\t\t<\/div>\n\t\t<\/div>\n\t\t\t\t\t\t\t<\/div>\n\t\t<\/section>\n\t\t\t\t<section class=\"has_eae_slider elementor-section elementor-top-section elementor-element elementor-element-3d45b450 elementor-section-boxed elementor-section-height-default elementor-section-height-default\" data-eae-slider=\"86483\" data-id=\"3d45b450\" data-element_type=\"section\">\n\t\t\t\t\t\t<div class=\"elementor-container elementor-column-gap-default\">\n\t\t\t\t\t<div class=\"has_eae_slider elementor-column elementor-col-16 elementor-top-column elementor-element elementor-element-1a336300\" data-eae-slider=\"93348\" data-id=\"1a336300\" data-element_type=\"column\">\n\t\t\t<div class=\"elementor-widget-wrap\">\n\t\t\t\t\t\t\t\t\t<\/div>\n\t\t<\/div>\n\t\t\t\t<div class=\"has_eae_slider elementor-column elementor-col-66 elementor-top-column elementor-element elementor-element-3e0b5492\" data-eae-slider=\"75396\" data-id=\"3e0b5492\" data-element_type=\"column\">\n\t\t\t<div class=\"elementor-widget-wrap elementor-element-populated\">\n\t\t\t\t\t\t\t\t<div class=\"elementor-element elementor-element-20592f95 elementor-widget elementor-widget-text-editor\" data-id=\"20592f95\" data-element_type=\"widget\" data-widget_type=\"text-editor.default\">\n\t\t\t\t<div class=\"elementor-widget-container\">\n\t\t\t\t\t\t\t<p>Quando le persone in Alto Adige parlano di Bressanone, possono riferirsi sia alla citt\u00e0 stessa che al comune. Il comune di Bressanone si trova letteralmente nel cuore dell'Alto Adige - immerso in un'ampia conca della Valle Isarco. Oltre alla citt\u00e0, il comune comprende i villaggi circostanti sul Pfefferberg, Sankt Andr\u00e4 sul pendio della montagna locale dal nome interessante \"Plose\", cos\u00ec come i villaggi di Albeins, Elvas, Milland, Afers e Sarns. A proposito, Bressanone \u00e8 considerata la citt\u00e0 pi\u00f9 antica del Tirolo.<\/p>\t\t\t\t\t\t<\/div>\n\t\t\t\t<\/div>\n\t\t\t\t<div class=\"elementor-element elementor-element-2ddd2d5 elementor-widget elementor-widget-text-editor\" data-id=\"2ddd2d5\" data-element_type=\"widget\" data-widget_type=\"text-editor.default\">\n\t\t\t\t<div class=\"elementor-widget-container\">\n\t\t\t\t\t\t\t<p>Intorno al comune si trovano molti frutteti di mele, castagneti e vigneti, che crescono in modo eccellente grazie al clima mite della Valle Isarco. Questo \u00e8 anche uno dei motivi per cui Bressanone \u00e8 doppiamente affascinante - la storica citt\u00e0 vescovile presenta ai visitatori una vasta gamma di attivit\u00e0 culturali, mentre i villaggi circostanti offrono opportunit\u00e0 per sfuggire al trambusto della citt\u00e0 e godere della meravigliosa natura della Valle Isarco. Per questo, gli abitanti di Bressanone usano soprattutto la loro montagna locale - la Plose - o il Pfefferberg, che si trova sull'altro lato della valle di fronte.<\/p>\t\t\t\t\t\t<\/div>\n\t\t\t\t<\/div>\n\t\t\t\t\t<\/div>\n\t\t<\/div>\n\t\t\t\t<div class=\"has_eae_slider elementor-column elementor-col-16 elementor-top-column elementor-element elementor-element-8309afe\" data-eae-slider=\"68477\" data-id=\"8309afe\" data-element_type=\"column\">\n\t\t\t<div class=\"elementor-widget-wrap\">\n\t\t\t\t\t\t\t\t\t<\/div>\n\t\t<\/div>\n\t\t\t\t\t\t\t<\/div>\n\t\t<\/section>\n\t\t\t\t<section class=\"has_eae_slider elementor-section elementor-top-section elementor-element elementor-element-4deaeb5 elementor-section-boxed elementor-section-height-default elementor-section-height-default\" data-eae-slider=\"38820\" data-id=\"4deaeb5\" data-element_type=\"section\">\n\t\t\t\t\t\t<div class=\"elementor-container elementor-column-gap-default\">\n\t\t\t\t\t<div class=\"has_eae_slider elementor-column elementor-col-50 elementor-top-column elementor-element elementor-element-6c26417\" data-eae-slider=\"5348\" data-id=\"6c26417\" data-element_type=\"column\">\n\t\t\t<div class=\"elementor-widget-wrap elementor-element-populated\">\n\t\t\t\t\t\t\t\t<div class=\"elementor-element elementor-element-705191f elementor-widget elementor-widget-html\" data-id=\"705191f\" data-element_type=\"widget\" data-widget_type=\"html.default\">\n\t\t\t\t<div class=\"elementor-widget-container\">\n\t\t\t<div align=\"center\"><script type=\"text\/javascript\" src=\"https:\/\/player.peer.tv\/js\/85bfb175285aac759fb0873ace50f702\/?w=liquid-proportional\"><\/script><p><a href=\"https:\/\/www.peer.tv\/de\/814\" target=\"_blank\" rel=\"noopener\">Impressione di Bressanone<\/a> su <a href=\"https:\/\/www.peer.tv\/de\" target=\"_blank\" rel=\"noopener\">Peer.tv<\/a><\/p><\/div>\t\t<\/div>\n\t\t\t\t<\/div>\n\t\t\t\t\t<\/div>\n\t\t<\/div>\n\t\t\t\t<div class=\"has_eae_slider elementor-column elementor-col-50 elementor-top-column elementor-element elementor-element-cf36c7b\" data-eae-slider=\"54435\" data-id=\"cf36c7b\" data-element_type=\"column\">\n\t\t\t<div class=\"elementor-widget-wrap elementor-element-populated\">\n\t\t\t\t\t\t\t\t<div class=\"elementor-element elementor-element-1e26623 elementor-widget elementor-widget-google_maps\" data-id=\"1e26623\" data-element_type=\"widget\" data-widget_type=\"google_maps.default\">\n\t\t\t\t<div class=\"elementor-widget-container\">\n\t\t\t\t\t<div class=\"elementor-custom-embed\">\n\t\t\t<div class=\"BorlabsCookie _brlbs-cb-googlemaps\"><div class=\"_brlbs-content-blocker\"> <div class=\"_brlbs-embed _brlbs-google-maps\"> <img decoding=\"async\" class=\"_brlbs-thumbnail\" src=\"https:\/\/wheelchair-tours.org\/wp-content\/plugins\/borlabs-cookie\/assets\/images\/cb-maps.png\" alt=\"Google Maps\"> <div class=\"_brlbs-caption\"> <p>Caricando la mappa, accetti l'informativa sulla privacy di Google.<br><a href=\"https:\/\/policies.google.com\/privacy\" target=\"_blank\" rel=\"nofollow noopener noreferrer\">Per saperne di pi\u00f9<\/a><\/p> <p><a class=\"_brlbs-btn\" href=\"#\" data-borlabs-cookie-unblock role=\"button\">Carica la mappa<\/a><\/p> <p><label><input type=\"checkbox\" name=\"unblockAll\" value=\"1\" checked> <small>Sblocca sempre Google Maps<\/small><\/label><\/p> <\/div> <\/div> <\/div><div class=\"borlabs-hide\" data-borlabs-cookie-type=\"content-blocker\" data-borlabs-cookie-id=\"googlemaps\"><script type=\"text\/template\">PGlmcmFtZSBsb2FkaW5nPSJsYXp5IgoJCQkJCXNyYz0iaHR0cHM6Ly9tYXBzLmdvb2dsZS5jb20vbWFwcz9xPWJyaXhlbiYjMDM4O3Q9bSYjMDM4O3o9OSYjMDM4O291dHB1dD1lbWJlZCYjMDM4O2l3bG9jPW5lYXIiCgkJCQkJdGl0bGU9ImJyaXhlbiIKCQkJCQlhcmlhLWxhYmVsPSJicml4ZW4iCgkJCT48L2lmcmFtZT4=<\/script><\/div><\/div>\n\t\t<\/div>\n\t\t\t\t<\/div>\n\t\t\t\t<\/div>\n\t\t\t\t\t<\/div>\n\t\t<\/div>\n\t\t\t\t\t\t\t<\/div>\n\t\t<\/section>\n\t\t\t\t<section class=\"has_eae_slider elementor-section elementor-top-section elementor-element elementor-element-1fd485f0 elementor-section-boxed elementor-section-height-default elementor-section-height-default\" data-eae-slider=\"4748\" data-id=\"1fd485f0\" data-element_type=\"section\">\n\t\t\t\t\t\t<div class=\"elementor-container elementor-column-gap-default\">\n\t\t\t\t\t<div class=\"has_eae_slider elementor-column elementor-col-100 elementor-top-column elementor-element elementor-element-5ed049b7\" data-eae-slider=\"1165\" data-id=\"5ed049b7\" data-element_type=\"column\">\n\t\t\t<div class=\"elementor-widget-wrap elementor-element-populated\">\n\t\t\t\t\t\t\t\t<div class=\"elementor-element elementor-element-678f911d elementor-widget elementor-widget-heading\" data-id=\"678f911d\" data-element_type=\"widget\" data-widget_type=\"heading.default\">\n\t\t\t\t<div class=\"elementor-widget-container\">\n\t\t\t<h2 class=\"elementor-heading-title elementor-size-default\">Bressanone - generale<\/h2>\t\t<\/div>\n\t\t\t\t<\/div>\n\t\t\t\t<div class=\"elementor-element elementor-element-35349b03 elementor-widget-divider--view-line elementor-widget elementor-widget-divider\" data-id=\"35349b03\" data-element_type=\"widget\" data-widget_type=\"divider.default\">\n\t\t\t\t<div class=\"elementor-widget-container\">\n\t\t\t\t\t<div class=\"elementor-divider\">\n\t\t\t<span class=\"elementor-divider-separator\">\n\t\t\t\t\t\t<\/span>\n\t\t<\/div>\n\t\t\t\t<\/div>\n\t\t\t\t<\/div>\n\t\t\t\t<div class=\"elementor-element elementor-element-353da95 elementor-widget elementor-widget-heading\" data-id=\"353da95\" data-element_type=\"widget\" data-widget_type=\"heading.default\">\n\t\t\t\t<div class=\"elementor-widget-container\">\n\t\t\t<h5 class=\"elementor-heading-title elementor-size-default\">Senza barriere in arrivo a Bressanone<\/h5>\t\t<\/div>\n\t\t\t\t<\/div>\n\t\t\t\t\t<\/div>\n\t\t<\/div>\n\t\t\t\t\t\t\t<\/div>\n\t\t<\/section>\n\t\t\t\t<section class=\"has_eae_slider elementor-section elementor-top-section elementor-element elementor-element-4d6b2452 elementor-section-boxed elementor-section-height-default elementor-section-height-default\" data-eae-slider=\"59228\" data-id=\"4d6b2452\" data-element_type=\"section\">\n\t\t\t\t\t\t<div class=\"elementor-container elementor-column-gap-default\">\n\t\t\t\t\t<div class=\"has_eae_slider elementor-column elementor-col-16 elementor-top-column elementor-element elementor-element-5c473e\" data-eae-slider=\"76587\" data-id=\"5c473e\" data-element_type=\"column\">\n\t\t\t<div class=\"elementor-widget-wrap\">\n\t\t\t\t\t\t\t\t\t<\/div>\n\t\t<\/div>\n\t\t\t\t<div class=\"has_eae_slider elementor-column elementor-col-66 elementor-top-column elementor-element elementor-element-432047c6\" data-eae-slider=\"98590\" data-id=\"432047c6\" data-element_type=\"column\">\n\t\t\t<div class=\"elementor-widget-wrap elementor-element-populated\">\n\t\t\t\t\t\t\t\t<div class=\"elementor-element elementor-element-385fd81d elementor-widget elementor-widget-text-editor\" data-id=\"385fd81d\" data-element_type=\"widget\" data-widget_type=\"text-editor.default\">\n\t\t\t\t<div class=\"elementor-widget-container\">\n\t\t\t\t\t\t\t<p>La citt\u00e0 vescovile di Bressanone combina l'atmosfera medievale-barocca con uno stile di vita moderno e un affascinante mondo di montagna. Gi\u00e0 nel Medioevo molti commercianti, artisti e viaggiatori si fermarono qui nel loro viaggio tra il sud e il nord. Oltre alla citt\u00e0 vecchia, ci sono i quartieri di Kranebitt, Stufels, Milland, Zinggen e Rosslauf. Per le orecchie nord-tedesche nomi piuttosto interessanti.<br \/>Geograficamente, Bressanone si trova alla confluenza dei fiumi Isarco e Rienza ad un'altitudine di 559 m ed \u00e8 la terza citt\u00e0 dell'Alto Adige dopo Bolzano e Merano.<\/p>\t\t\t\t\t\t<\/div>\n\t\t\t\t<\/div>\n\t\t\t\t\t<\/div>\n\t\t<\/div>\n\t\t\t\t<div class=\"has_eae_slider elementor-column elementor-col-16 elementor-top-column elementor-element elementor-element-58b4187\" data-eae-slider=\"49819\" data-id=\"58b4187\" data-element_type=\"column\">\n\t\t\t<div class=\"elementor-widget-wrap\">\n\t\t\t\t\t\t\t\t\t<\/div>\n\t\t<\/div>\n\t\t\t\t\t\t\t<\/div>\n\t\t<\/section>\n\t\t\t\t<section class=\"has_eae_slider elementor-section elementor-top-section elementor-element elementor-element-77a443b elementor-section-boxed elementor-section-height-default elementor-section-height-default\" data-eae-slider=\"71035\" data-id=\"77a443b\" data-element_type=\"section\">\n\t\t\t\t\t\t<div class=\"elementor-container elementor-column-gap-default\">\n\t\t\t\t\t<div class=\"has_eae_slider elementor-column elementor-col-100 elementor-top-column elementor-element elementor-element-d0d9f84\" data-eae-slider=\"42596\" data-id=\"d0d9f84\" data-element_type=\"column\">\n\t\t\t<div class=\"elementor-widget-wrap elementor-element-populated\">\n\t\t\t\t\t\t\t\t<div class=\"elementor-element elementor-element-08ab735 elementor-widget elementor-widget-heading\" data-id=\"08ab735\" data-element_type=\"widget\" data-widget_type=\"heading.default\">\n\t\t\t\t<div class=\"elementor-widget-container\">\n\t\t\t<h2 class=\"elementor-heading-title elementor-size-default\">Bressanone - storico<\/h2>\t\t<\/div>\n\t\t\t\t<\/div>\n\t\t\t\t<div class=\"elementor-element elementor-element-df0d000 elementor-widget-divider--view-line elementor-widget elementor-widget-divider\" data-id=\"df0d000\" data-element_type=\"widget\" data-widget_type=\"divider.default\">\n\t\t\t\t<div class=\"elementor-widget-container\">\n\t\t\t\t\t<div class=\"elementor-divider\">\n\t\t\t<span class=\"elementor-divider-separator\">\n\t\t\t\t\t\t<\/span>\n\t\t<\/div>\n\t\t\t\t<\/div>\n\t\t\t\t<\/div>\n\t\t\t\t<div class=\"elementor-element elementor-element-3e84e9d elementor-widget elementor-widget-heading\" data-id=\"3e84e9d\" data-element_type=\"widget\" data-widget_type=\"heading.default\">\n\t\t\t\t<div class=\"elementor-widget-container\">\n\t\t\t<h5 class=\"elementor-heading-title elementor-size-default\">Senza barriere in arrivo a Bressanone<\/h5>\t\t<\/div>\n\t\t\t\t<\/div>\n\t\t\t\t\t<\/div>\n\t\t<\/div>\n\t\t\t\t\t\t\t<\/div>\n\t\t<\/section>\n\t\t\t\t<section class=\"has_eae_slider elementor-section elementor-top-section elementor-element elementor-element-6b9e0d03 elementor-section-boxed elementor-section-height-default elementor-section-height-default\" data-eae-slider=\"57778\" data-id=\"6b9e0d03\" data-element_type=\"section\">\n\t\t\t\t\t\t<div class=\"elementor-container elementor-column-gap-default\">\n\t\t\t\t\t<div class=\"has_eae_slider elementor-column elementor-col-33 elementor-top-column elementor-element elementor-element-1fb5aea5\" data-eae-slider=\"45009\" data-id=\"1fb5aea5\" data-element_type=\"column\">\n\t\t\t<div class=\"elementor-widget-wrap elementor-element-populated\">\n\t\t\t\t\t\t\t\t<div class=\"elementor-element elementor-element-666a72e elementor-widget elementor-widget-html\" data-id=\"666a72e\" data-element_type=\"widget\" data-widget_type=\"html.default\">\n\t\t\t\t<div class=\"elementor-widget-container\">\n\t\t\t<div align=\"center\"><script type=\"text\/javascript\" src=\"https:\/\/player.peer.tv\/js\/34a5ed0f4ec1c1eb6618c1661d9729cd\/?w=liquid-proportional\"><\/script><p><a href=\"https:\/\/www.peer.tv\/de\/84\" target=\"_blank\" rel=\"noopener\">Bressanone<\/a> su <a href=\"https:\/\/www.peer.tv\/de\" target=\"_blank\" rel=\"noopener\">Peer.tv<\/a><\/p><\/div>\t\t<\/div>\n\t\t\t\t<\/div>\n\t\t\t\t<div class=\"elementor-element elementor-element-176b2da elementor-widget elementor-widget-gallery\" data-id=\"176b2da\" data-element_type=\"widget\" data-settings=\"{&quot;gallery_layout&quot;:&quot;justified&quot;,&quot;link_to&quot;:&quot;custom&quot;,&quot;url&quot;:{&quot;url&quot;:&quot;https:\\\/\\\/www.ufficiostampa.provincia.tn.it\\\/content\\\/view\\\/full\\\/174400?fbclid=IwAR0RLt205Lr78tqos-YGQCG-hfFVHUbxOeJrrH0jDUUPQciE0eoUda0tH3k&quot;,&quot;is_external&quot;:&quot;&quot;,&quot;nofollow&quot;:&quot;&quot;,&quot;custom_attributes&quot;:&quot;&quot;},&quot;overlay_title&quot;:&quot;title&quot;,&quot;overlay_description&quot;:&quot;description&quot;,&quot;lazyload&quot;:&quot;yes&quot;,&quot;ideal_row_height&quot;:{&quot;unit&quot;:&quot;px&quot;,&quot;size&quot;:200,&quot;sizes&quot;:[]},&quot;ideal_row_height_tablet&quot;:{&quot;unit&quot;:&quot;px&quot;,&quot;size&quot;:150,&quot;sizes&quot;:[]},&quot;ideal_row_height_mobile&quot;:{&quot;unit&quot;:&quot;px&quot;,&quot;size&quot;:150,&quot;sizes&quot;:[]},&quot;gap&quot;:{&quot;unit&quot;:&quot;px&quot;,&quot;size&quot;:10,&quot;sizes&quot;:[]},&quot;gap_tablet&quot;:{&quot;unit&quot;:&quot;px&quot;,&quot;size&quot;:10,&quot;sizes&quot;:[]},&quot;gap_mobile&quot;:{&quot;unit&quot;:&quot;px&quot;,&quot;size&quot;:10,&quot;sizes&quot;:[]},&quot;overlay_background&quot;:&quot;yes&quot;,&quot;content_hover_animation&quot;:&quot;fade-in&quot;}\" data-widget_type=\"gallery.default\">\n\t\t\t\t<div class=\"elementor-widget-container\">\n\t\t\t\t\t<div class=\"elementor-gallery__container\">\n\t\t\t\t\t\t\t<a class=\"e-gallery-item elementor-gallery-item elementor-animated-content\" href=\"https:\/\/www.ufficiostampa.provincia.tn.it\/content\/view\/full\/174400?fbclid=IwAR0RLt205Lr78tqos-YGQCG-hfFVHUbxOeJrrH0jDUUPQciE0eoUda0tH3k\" target=\"_blank\" rel=\"noopener\">\n\t\t\t\t\t<div class=\"e-gallery-image elementor-gallery-item__image\" data-thumbnail=\"https:\/\/wheelchair-tours.org\/wp-content\/uploads\/2020\/12\/Wheelchair_tours_Rollstuhl_Wandern_Blog_Brixen_Stadtbild_pixabay_foxxi1961.jpg\" data-width=\"400\" data-height=\"640\" alt=\"Irgendwo in Brixen\" ><\/div>\n\t\t\t\t\t\t\t\t\t\t\t<div class=\"elementor-gallery-item__overlay\"><\/div>\n\t\t\t\t\t\t\t\t\t\t\t\t\t\t\t<div class=\"elementor-gallery-item__content\">\n\t\t\t\t\t\t\t\t\t\t\t\t\t\t<div class=\"elementor-gallery-item__title\">\n\t\t\t\t\t\t\t\t\t\t\t\t\t\t\t\t\t\tDa qualche parte a Bressanone\t\t\t\t\t\t\t\t<\/div>\n\t\t\t\t\t\t\t\t\t\t\t\t\t\t\t<div class=\"elementor-gallery-item__description\">\n\t\t\t\t\t\t\t\t\t\t\t\t\t\t\t\t\t\t\u00a9 Foxxi1961 \/ Pixabay\t\t\t\t\t\t\t\t<\/div>\n\t\t\t\t\t\t\t\t\t\t\t\t<\/div>\n\t\t\t\t\t\t\t\t\t<\/a>\n\t\t\t\t\t\t\t<a class=\"e-gallery-item elementor-gallery-item elementor-animated-content\" href=\"https:\/\/www.ufficiostampa.provincia.tn.it\/content\/view\/full\/174400?fbclid=IwAR0RLt205Lr78tqos-YGQCG-hfFVHUbxOeJrrH0jDUUPQciE0eoUda0tH3k\" target=\"_blank\" rel=\"noopener\">\n\t\t\t\t\t<div class=\"e-gallery-image elementor-gallery-item__image\" data-thumbnail=\"https:\/\/wheelchair-tours.org\/wp-content\/uploads\/2020\/12\/Wheelchair_tours_Rollstuhl_Wandern_Blog_Brixen_Brunnen_pixabay_guenter-muendle.jpg\" data-width=\"640\" data-height=\"400\" alt=\"Brunnen in Brixen\" ><\/div>\n\t\t\t\t\t\t\t\t\t\t\t<div class=\"elementor-gallery-item__overlay\"><\/div>\n\t\t\t\t\t\t\t\t\t\t\t\t\t\t\t<div class=\"elementor-gallery-item__content\">\n\t\t\t\t\t\t\t\t\t\t\t\t\t\t<div class=\"elementor-gallery-item__title\">\n\t\t\t\t\t\t\t\t\t\t\t\t\t\t\t\t\t\tFontana a Bressanone\t\t\t\t\t\t\t\t<\/div>\n\t\t\t\t\t\t\t\t\t\t\t\t\t\t\t<div class=\"elementor-gallery-item__description\">\n\t\t\t\t\t\t\t\t\t\t\t\t\t\t\t\t\t\t\u00a9 Guenter Muendle \/ pixabay\t\t\t\t\t\t\t\t<\/div>\n\t\t\t\t\t\t\t\t\t\t\t\t<\/div>\n\t\t\t\t\t\t\t\t\t<\/a>\n\t\t\t\t\t<\/div>\n\t\t\t<\/div>\n\t\t\t\t<\/div>\n\t\t\t\t\t<\/div>\n\t\t<\/div>\n\t\t\t\t<div class=\"has_eae_slider elementor-column elementor-col-66 elementor-top-column elementor-element elementor-element-1159c5f\" data-eae-slider=\"2803\" data-id=\"1159c5f\" data-element_type=\"column\">\n\t\t\t<div class=\"elementor-widget-wrap elementor-element-populated\">\n\t\t\t\t\t\t\t\t<div class=\"elementor-element elementor-element-4a3bdfac elementor-widget elementor-widget-text-editor\" data-id=\"4a3bdfac\" data-element_type=\"widget\" data-widget_type=\"text-editor.default\">\n\t\t\t\t<div class=\"elementor-widget-container\">\n\t\t\t\t\t\t\t<p>Oltre a papi e imperatori, anche un elefante si ferm\u00f2 a Bressanone nel 1552. Soliman, come veniva chiamato l'elefante, era in viaggio verso Vienna. Un punto culminante che ancora oggi viene evidenziato volentieri nella storia della citt\u00e0. <br \/>Per quasi 800 anni risiedettero a Bressanone dei principi-vescovi che possedevano sia il potere spirituale che quello secolare ed ebbero un'influenza decisiva sul paesaggio urbano di Bressanone.<\/p><p>Circa 10.000 anni fa la gente viveva gi\u00e0 nel \"Brixner Becken\". I reperti archeologici lo testimoniano. L'anno 901 \u00e8 considerato l'anno della fondazione della citt\u00e0, poich\u00e9 Bressanone \u00e8 menzionata per la prima volta in un atto di donazione di questo anno. Secondo questo documento, il carolingio Luigi IV diede al vescovo Zaccaria di S\u00e4ben la fattoria \"Prichsna\".<\/p><p>Nella seconda met\u00e0 del X secolo, la sede vescovile viene trasferita da S\u00e4ben a Bressanone. Dal 1027 al 1803 i vescovi di Bressanone sono anche principi imperiali tedeschi. Intorno alla cattedrale e al palazzo vescovile, Bressanone si sviluppa in una citt\u00e0, che \u00e8 circondata da un muro a met\u00e0 del XII secolo. Dal 1964 il vescovo vive a Bolzano, ma la cattedra e il capitolo del duomo sono rimasti a Bressanone.<\/p>\t\t\t\t\t\t<\/div>\n\t\t\t\t<\/div>\n\t\t\t\t\t<\/div>\n\t\t<\/div>\n\t\t\t\t\t\t\t<\/div>\n\t\t<\/section>\n\t\t\t\t<section class=\"has_eae_slider elementor-section elementor-top-section elementor-element elementor-element-d017b7e elementor-section-boxed elementor-section-height-default elementor-section-height-default\" data-eae-slider=\"52654\" data-id=\"d017b7e\" data-element_type=\"section\">\n\t\t\t\t\t\t<div class=\"elementor-container elementor-column-gap-default\">\n\t\t\t\t\t<div class=\"has_eae_slider elementor-column elementor-col-100 elementor-top-column elementor-element elementor-element-0781b28\" data-eae-slider=\"86276\" data-id=\"0781b28\" data-element_type=\"column\">\n\t\t\t<div class=\"elementor-widget-wrap elementor-element-populated\">\n\t\t\t\t\t\t\t\t<div class=\"elementor-element elementor-element-15fc7f8 elementor-widget elementor-widget-heading\" data-id=\"15fc7f8\" data-element_type=\"widget\" data-widget_type=\"heading.default\">\n\t\t\t\t<div class=\"elementor-widget-container\">\n\t\t\t<h2 class=\"elementor-heading-title elementor-size-default\">Bressanone - culturale<\/h2>\t\t<\/div>\n\t\t\t\t<\/div>\n\t\t\t\t<div class=\"elementor-element elementor-element-269cce6 elementor-widget-divider--view-line elementor-widget elementor-widget-divider\" data-id=\"269cce6\" data-element_type=\"widget\" data-widget_type=\"divider.default\">\n\t\t\t\t<div class=\"elementor-widget-container\">\n\t\t\t\t\t<div class=\"elementor-divider\">\n\t\t\t<span class=\"elementor-divider-separator\">\n\t\t\t\t\t\t<\/span>\n\t\t<\/div>\n\t\t\t\t<\/div>\n\t\t\t\t<\/div>\n\t\t\t\t<div class=\"elementor-element elementor-element-dd84ffd elementor-widget elementor-widget-heading\" data-id=\"dd84ffd\" data-element_type=\"widget\" data-widget_type=\"heading.default\">\n\t\t\t\t<div class=\"elementor-widget-container\">\n\t\t\t<h5 class=\"elementor-heading-title elementor-size-default\">Senza barriere in arrivo a Bressanone<\/h5>\t\t<\/div>\n\t\t\t\t<\/div>\n\t\t\t\t\t<\/div>\n\t\t<\/div>\n\t\t\t\t\t\t\t<\/div>\n\t\t<\/section>\n\t\t\t\t<section class=\"has_eae_slider elementor-section elementor-top-section elementor-element elementor-element-4ee17b4 elementor-section-boxed elementor-section-height-default elementor-section-height-default\" data-eae-slider=\"64608\" data-id=\"4ee17b4\" data-element_type=\"section\">\n\t\t\t\t\t\t<div class=\"elementor-container elementor-column-gap-default\">\n\t\t\t\t\t<div class=\"has_eae_slider elementor-column elementor-col-66 elementor-top-column elementor-element elementor-element-b2ec078\" data-eae-slider=\"31297\" data-id=\"b2ec078\" data-element_type=\"column\">\n\t\t\t<div class=\"elementor-widget-wrap elementor-element-populated\">\n\t\t\t\t\t\t\t\t<div class=\"elementor-element elementor-element-c4cedf1 elementor-widget elementor-widget-text-editor\" data-id=\"c4cedf1\" data-element_type=\"widget\" data-widget_type=\"text-editor.default\">\n\t\t\t\t<div class=\"elementor-widget-container\">\n\t\t\t\t\t\t\t<p>L'edificio pi\u00f9 sorprendente della citt\u00e0 \u00e8 il Duomo di Bressanone, che si trova direttamente sulla Piazza del Duomo. Qui vale la pena godersi un espresso in uno dei numerosi caff\u00e8 e lasciare che la vista vaghi sugli edifici.<\/p><p>Dagli affreschi romanici nella cappella di San Giovanni agli affreschi gotici nel chiostro della cattedrale e gli affreschi barocchi del soffitto di Paul Troger - dentro e intorno alla cattedrale ci sono molti tesori dei secoli passati da scoprire.<\/p><p>Dalla piazza della cattedrale si pu\u00f2 anche fare un tour della Hofburg, che non \u00e8 lontano. La Hofburg combina elementi rinascimentali e barocchi per creare un magnifico edificio e la chiesa parrocchiale di San Michele impressiona con la \"Torre Bianca\", un punto di riferimento di Bressanone. Vale anche la pena fare una deviazione al Museo Diocesano o al Museo della Farmacia. Si raccomanda anche una passeggiata nei \"Kleine und Gro\u00dfe Lauben\": Ospitano locande tradizionali, bar cool e boutique esclusive. A differenza dei Lauben di Bolzano e Merano, sono molto tortuosi, poich\u00e9 sono stati costruiti intorno al quartiere del duomo gi\u00e0 esistente e alle mura della citt\u00e0.<\/p><p>La citt\u00e0 ha molte case con facciate colorate e decorate e vale la pena fermarsi ogni tanto per guardarle.<\/p>\t\t\t\t\t\t<\/div>\n\t\t\t\t<\/div>\n\t\t\t\t\t<\/div>\n\t\t<\/div>\n\t\t\t\t<div class=\"has_eae_slider elementor-column elementor-col-33 elementor-top-column elementor-element elementor-element-8f7d61a\" data-eae-slider=\"3768\" data-id=\"8f7d61a\" data-element_type=\"column\">\n\t\t\t<div class=\"elementor-widget-wrap elementor-element-populated\">\n\t\t\t\t\t\t\t\t<div class=\"elementor-element elementor-element-fd621e7 elementor-widget elementor-widget-gallery\" data-id=\"fd621e7\" data-element_type=\"widget\" data-settings=\"{&quot;columns&quot;:2,&quot;overlay_title&quot;:&quot;title&quot;,&quot;overlay_description&quot;:&quot;description&quot;,&quot;lazyload&quot;:&quot;yes&quot;,&quot;gallery_layout&quot;:&quot;grid&quot;,&quot;columns_tablet&quot;:2,&quot;columns_mobile&quot;:1,&quot;gap&quot;:{&quot;unit&quot;:&quot;px&quot;,&quot;size&quot;:10,&quot;sizes&quot;:[]},&quot;gap_tablet&quot;:{&quot;unit&quot;:&quot;px&quot;,&quot;size&quot;:10,&quot;sizes&quot;:[]},&quot;gap_mobile&quot;:{&quot;unit&quot;:&quot;px&quot;,&quot;size&quot;:10,&quot;sizes&quot;:[]},&quot;link_to&quot;:&quot;file&quot;,&quot;aspect_ratio&quot;:&quot;3:2&quot;,&quot;overlay_background&quot;:&quot;yes&quot;,&quot;content_hover_animation&quot;:&quot;fade-in&quot;}\" data-widget_type=\"gallery.default\">\n\t\t\t\t<div class=\"elementor-widget-container\">\n\t\t\t\t\t<div class=\"elementor-gallery__container\">\n\t\t\t\t\t\t\t<a class=\"e-gallery-item elementor-gallery-item elementor-animated-content\" href=\"https:\/\/wheelchair-tours.org\/wp-content\/uploads\/2020\/12\/Wheelchair_tours_Rollstuhl_Wandern_Blog_Brixen_Dom-mit-Blumen-pixabay-rottonara.jpg\" data-elementor-open-lightbox=\"yes\" data-elementor-lightbox-slideshow=\"all-fd621e7\" data-elementor-lightbox-title=\"Brixner Dom\" data-elementor-lightbox-description=\"\u00a9 Rottonara \/ pixabay\" data-e-action-hash=\"#elementor-action%3Aaction%3Dlightbox%26settings%3DeyJpZCI6NTk5NywidXJsIjoiaHR0cHM6XC9cL3doZWVsY2hhaXItdG91cnMub3JnXC93cC1jb250ZW50XC91cGxvYWRzXC8yMDIwXC8xMlwvV2hlZWxjaGFpcl90b3Vyc19Sb2xsc3R1aGxfV2FuZGVybl9CbG9nX0JyaXhlbl9Eb20tbWl0LUJsdW1lbi1waXhhYmF5LXJvdHRvbmFyYS5qcGciLCJzbGlkZXNob3ciOiJhbGwtZmQ2MjFlNyJ9\">\n\t\t\t\t\t<div class=\"e-gallery-image elementor-gallery-item__image\" data-thumbnail=\"https:\/\/wheelchair-tours.org\/wp-content\/uploads\/2020\/12\/Wheelchair_tours_Rollstuhl_Wandern_Blog_Brixen_Dom-mit-Blumen-pixabay-rottonara.jpg\" data-width=\"640\" data-height=\"400\" alt=\"Brixner Dom\" ><\/div>\n\t\t\t\t\t\t\t\t\t\t\t<div class=\"elementor-gallery-item__overlay\"><\/div>\n\t\t\t\t\t\t\t\t\t\t\t\t\t\t\t<div class=\"elementor-gallery-item__content\">\n\t\t\t\t\t\t\t\t\t\t\t\t\t\t<div class=\"elementor-gallery-item__title\">\n\t\t\t\t\t\t\t\t\t\t\t\t\t\t\t\t\t\tCattedrale di Bressanone\t\t\t\t\t\t\t\t<\/div>\n\t\t\t\t\t\t\t\t\t\t\t\t\t\t\t<div class=\"elementor-gallery-item__description\">\n\t\t\t\t\t\t\t\t\t\t\t\t\t\t\t\t\t\t\u00a9 Rottonara \/ pixabay\t\t\t\t\t\t\t\t<\/div>\n\t\t\t\t\t\t\t\t\t\t\t\t<\/div>\n\t\t\t\t\t\t\t\t\t<\/a>\n\t\t\t\t\t\t\t<a class=\"e-gallery-item elementor-gallery-item elementor-animated-content\" href=\"https:\/\/wheelchair-tours.org\/wp-content\/uploads\/2020\/12\/Wheelchair_tours_Rollstuhl_Wandern_Blog_Brixen_Hofburg_Wikipedia_Ladislav_Luppa.jpg\" data-elementor-open-lightbox=\"yes\" data-elementor-lightbox-slideshow=\"all-fd621e7\" data-elementor-lightbox-title=\"Eingang zur Hofburg\" data-elementor-lightbox-description=\"\u00a9 Ladislav Luppa \/ Wikipedia\" data-e-action-hash=\"#elementor-action%3Aaction%3Dlightbox%26settings%3DeyJpZCI6NTk5OSwidXJsIjoiaHR0cHM6XC9cL3doZWVsY2hhaXItdG91cnMub3JnXC93cC1jb250ZW50XC91cGxvYWRzXC8yMDIwXC8xMlwvV2hlZWxjaGFpcl90b3Vyc19Sb2xsc3R1aGxfV2FuZGVybl9CbG9nX0JyaXhlbl9Ib2ZidXJnX1dpa2lwZWRpYV9MYWRpc2xhdl9MdXBwYS5qcGciLCJzbGlkZXNob3ciOiJhbGwtZmQ2MjFlNyJ9\">\n\t\t\t\t\t<div class=\"e-gallery-image elementor-gallery-item__image\" data-thumbnail=\"https:\/\/wheelchair-tours.org\/wp-content\/uploads\/2020\/12\/Wheelchair_tours_Rollstuhl_Wandern_Blog_Brixen_Hofburg_Wikipedia_Ladislav_Luppa.jpg\" data-width=\"640\" data-height=\"400\" alt=\"Eingang zur Hofburg\" ><\/div>\n\t\t\t\t\t\t\t\t\t\t\t<div class=\"elementor-gallery-item__overlay\"><\/div>\n\t\t\t\t\t\t\t\t\t\t\t\t\t\t\t<div class=\"elementor-gallery-item__content\">\n\t\t\t\t\t\t\t\t\t\t\t\t\t\t<div class=\"elementor-gallery-item__title\">\n\t\t\t\t\t\t\t\t\t\t\t\t\t\t\t\t\t\tIngresso alla Hofburg\t\t\t\t\t\t\t\t<\/div>\n\t\t\t\t\t\t\t\t\t\t\t\t\t\t\t<div class=\"elementor-gallery-item__description\">\n\t\t\t\t\t\t\t\t\t\t\t\t\t\t\t\t\t\t\u00a9 Ladislav Luppa \/ Wikipedia\t\t\t\t\t\t\t\t<\/div>\n\t\t\t\t\t\t\t\t\t\t\t\t<\/div>\n\t\t\t\t\t\t\t\t\t<\/a>\n\t\t\t\t\t\t\t<a class=\"e-gallery-item elementor-gallery-item elementor-animated-content\" href=\"https:\/\/wheelchair-tours.org\/wp-content\/uploads\/2020\/12\/Wheelchair_tours_Rollstuhl_Wandern_Blog_Brixen_Neustift_Innenhof_pixabay_Alfred_Stier.jpg\" data-elementor-open-lightbox=\"yes\" data-elementor-lightbox-slideshow=\"all-fd621e7\" data-elementor-lightbox-title=\"Innenhof Kloster Neustift\" data-elementor-lightbox-description=\"\u00a9 Alfred Stier \/ Pixabay\" data-e-action-hash=\"#elementor-action%3Aaction%3Dlightbox%26settings%3DeyJpZCI6NjAwMCwidXJsIjoiaHR0cHM6XC9cL3doZWVsY2hhaXItdG91cnMub3JnXC93cC1jb250ZW50XC91cGxvYWRzXC8yMDIwXC8xMlwvV2hlZWxjaGFpcl90b3Vyc19Sb2xsc3R1aGxfV2FuZGVybl9CbG9nX0JyaXhlbl9OZXVzdGlmdF9Jbm5lbmhvZl9waXhhYmF5X0FsZnJlZF9TdGllci5qcGciLCJzbGlkZXNob3ciOiJhbGwtZmQ2MjFlNyJ9\">\n\t\t\t\t\t<div class=\"e-gallery-image elementor-gallery-item__image\" data-thumbnail=\"https:\/\/wheelchair-tours.org\/wp-content\/uploads\/2020\/12\/Wheelchair_tours_Rollstuhl_Wandern_Blog_Brixen_Neustift_Innenhof_pixabay_Alfred_Stier.jpg\" data-width=\"640\" data-height=\"400\" alt=\"Innenhof Kloster Neustift\" ><\/div>\n\t\t\t\t\t\t\t\t\t\t\t<div class=\"elementor-gallery-item__overlay\"><\/div>\n\t\t\t\t\t\t\t\t\t\t\t\t\t\t\t<div class=\"elementor-gallery-item__content\">\n\t\t\t\t\t\t\t\t\t\t\t\t\t\t<div class=\"elementor-gallery-item__title\">\n\t\t\t\t\t\t\t\t\t\t\t\t\t\t\t\t\t\tCortile interno del monastero di Neustift\t\t\t\t\t\t\t\t<\/div>\n\t\t\t\t\t\t\t\t\t\t\t\t\t\t\t<div class=\"elementor-gallery-item__description\">\n\t\t\t\t\t\t\t\t\t\t\t\t\t\t\t\t\t\t\u00a9 Alfred Stier \/ Pixabay\t\t\t\t\t\t\t\t<\/div>\n\t\t\t\t\t\t\t\t\t\t\t\t<\/div>\n\t\t\t\t\t\t\t\t\t<\/a>\n\t\t\t\t\t\t\t<a class=\"e-gallery-item elementor-gallery-item elementor-animated-content\" href=\"https:\/\/wheelchair-tours.org\/wp-content\/uploads\/2020\/12\/Wheelchair_tours_Rollstuhl_Wandern_Blog_Brixen_Stadtbild_pixabay_foxxi1961.jpg\" data-elementor-open-lightbox=\"yes\" data-elementor-lightbox-slideshow=\"all-fd621e7\" data-elementor-lightbox-title=\"Irgendwo in Brixen\" data-elementor-lightbox-description=\"\u00a9 Foxxi1961 \/ Pixabay\" data-e-action-hash=\"#elementor-action%3Aaction%3Dlightbox%26settings%3DeyJpZCI6NjAwNSwidXJsIjoiaHR0cHM6XC9cL3doZWVsY2hhaXItdG91cnMub3JnXC93cC1jb250ZW50XC91cGxvYWRzXC8yMDIwXC8xMlwvV2hlZWxjaGFpcl90b3Vyc19Sb2xsc3R1aGxfV2FuZGVybl9CbG9nX0JyaXhlbl9TdGFkdGJpbGRfcGl4YWJheV9mb3h4aTE5NjEuanBnIiwic2xpZGVzaG93IjoiYWxsLWZkNjIxZTcifQ%3D%3D\">\n\t\t\t\t\t<div class=\"e-gallery-image elementor-gallery-item__image\" data-thumbnail=\"https:\/\/wheelchair-tours.org\/wp-content\/uploads\/2020\/12\/Wheelchair_tours_Rollstuhl_Wandern_Blog_Brixen_Stadtbild_pixabay_foxxi1961.jpg\" data-width=\"400\" data-height=\"640\" alt=\"Irgendwo in Brixen\" ><\/div>\n\t\t\t\t\t\t\t\t\t\t\t<div class=\"elementor-gallery-item__overlay\"><\/div>\n\t\t\t\t\t\t\t\t\t\t\t\t\t\t\t<div class=\"elementor-gallery-item__content\">\n\t\t\t\t\t\t\t\t\t\t\t\t\t\t<div class=\"elementor-gallery-item__title\">\n\t\t\t\t\t\t\t\t\t\t\t\t\t\t\t\t\t\tDa qualche parte a Bressanone\t\t\t\t\t\t\t\t<\/div>\n\t\t\t\t\t\t\t\t\t\t\t\t\t\t\t<div class=\"elementor-gallery-item__description\">\n\t\t\t\t\t\t\t\t\t\t\t\t\t\t\t\t\t\t\u00a9 Foxxi1961 \/ Pixabay\t\t\t\t\t\t\t\t<\/div>\n\t\t\t\t\t\t\t\t\t\t\t\t<\/div>\n\t\t\t\t\t\t\t\t\t<\/a>\n\t\t\t\t\t<\/div>\n\t\t\t<\/div>\n\t\t\t\t<\/div>\n\t\t\t\t<div class=\"elementor-element elementor-element-68bb1fd elementor-widget elementor-widget-html\" data-id=\"68bb1fd\" data-element_type=\"widget\" data-widget_type=\"html.default\">\n\t\t\t\t<div class=\"elementor-widget-container\">\n\t\t\t<div align=\"center\"><script type=\"text\/javascript\" src=\"https:\/\/player.peer.tv\/js\/2e5c9a5c78dc5dd7ce5d9f73602ff4bd\/?w=liquid-proportional\"><\/script><p><a href=\"https:\/\/www.peer.tv\/de\/778\" target=\"_blank\" rel=\"noopener\">I portici di Bressanone<\/a> su <a href=\"https:\/\/www.peer.tv\/de\" target=\"_blank\" rel=\"noopener\">Peer.tv<\/a><\/p><\/div>\t\t<\/div>\n\t\t\t\t<\/div>\n\t\t\t\t\t<\/div>\n\t\t<\/div>\n\t\t\t\t\t\t\t<\/div>\n\t\t<\/section>\n\t\t\t\t<section class=\"has_eae_slider elementor-section elementor-top-section elementor-element elementor-element-37f9098c elementor-section-boxed elementor-section-height-default elementor-section-height-default\" data-eae-slider=\"43821\" data-id=\"37f9098c\" data-element_type=\"section\">\n\t\t\t\t\t\t<div class=\"elementor-container elementor-column-gap-default\">\n\t\t\t\t\t<div class=\"has_eae_slider elementor-column elementor-col-33 elementor-top-column elementor-element elementor-element-4eefab06\" data-eae-slider=\"99923\" data-id=\"4eefab06\" data-element_type=\"column\">\n\t\t\t<div class=\"elementor-widget-wrap elementor-element-populated\">\n\t\t\t\t\t\t\t\t<div class=\"elementor-element elementor-element-e231ae1 elementor-widget elementor-widget-html\" data-id=\"e231ae1\" data-element_type=\"widget\" data-widget_type=\"html.default\">\n\t\t\t\t<div class=\"elementor-widget-container\">\n\t\t\t<div align=\"center\"><script type=\"text\/javascript\" src=\"https:\/\/player.peer.tv\/js\/06d3306b0f2e9c8b8f78d01b5e88d277\/?w=liquid-proportional\"><\/script><p><a href=\"https:\/\/www.peer.tv\/de\/734\" target=\"_blank\" rel=\"noopener\">Museo Diocesano nella Hofburg<\/a> su <a href=\"https:\/\/www.peer.tv\/de\" target=\"_blank\" rel=\"noopener\">Peer.tv<\/a><\/p><\/div>\t\t<\/div>\n\t\t\t\t<\/div>\n\t\t\t\t<div class=\"elementor-element elementor-element-2b70b96d elementor-widget elementor-widget-gallery\" data-id=\"2b70b96d\" data-element_type=\"widget\" data-settings=\"{&quot;columns&quot;:1,&quot;overlay_title&quot;:&quot;title&quot;,&quot;overlay_description&quot;:&quot;description&quot;,&quot;lazyload&quot;:&quot;yes&quot;,&quot;gallery_layout&quot;:&quot;grid&quot;,&quot;columns_tablet&quot;:2,&quot;columns_mobile&quot;:1,&quot;gap&quot;:{&quot;unit&quot;:&quot;px&quot;,&quot;size&quot;:10,&quot;sizes&quot;:[]},&quot;gap_tablet&quot;:{&quot;unit&quot;:&quot;px&quot;,&quot;size&quot;:10,&quot;sizes&quot;:[]},&quot;gap_mobile&quot;:{&quot;unit&quot;:&quot;px&quot;,&quot;size&quot;:10,&quot;sizes&quot;:[]},&quot;link_to&quot;:&quot;file&quot;,&quot;aspect_ratio&quot;:&quot;3:2&quot;,&quot;overlay_background&quot;:&quot;yes&quot;,&quot;content_hover_animation&quot;:&quot;fade-in&quot;}\" data-widget_type=\"gallery.default\">\n\t\t\t\t<div class=\"elementor-widget-container\">\n\t\t\t\t\t<div class=\"elementor-gallery__container\">\n\t\t\t\t\t\t\t<a class=\"e-gallery-item elementor-gallery-item elementor-animated-content\" href=\"https:\/\/wheelchair-tours.org\/wp-content\/uploads\/2020\/12\/Wheelchair_tours_Rollstuhl_Wandern_Blog_Brixen_Hofburg_innenhof-pixabay-alex1965.jpg\" data-elementor-open-lightbox=\"yes\" data-elementor-lightbox-slideshow=\"all-2b70b96d\" data-elementor-lightbox-title=\"Innenhof Hofburg Brixen\" data-elementor-lightbox-description=\"\u00a9 Alex 1965 \/ Pixabay\" data-e-action-hash=\"#elementor-action%3Aaction%3Dlightbox%26settings%3DeyJpZCI6NTk5OCwidXJsIjoiaHR0cHM6XC9cL3doZWVsY2hhaXItdG91cnMub3JnXC93cC1jb250ZW50XC91cGxvYWRzXC8yMDIwXC8xMlwvV2hlZWxjaGFpcl90b3Vyc19Sb2xsc3R1aGxfV2FuZGVybl9CbG9nX0JyaXhlbl9Ib2ZidXJnX2lubmVuaG9mLXBpeGFiYXktYWxleDE5NjUuanBnIiwic2xpZGVzaG93IjoiYWxsLTJiNzBiOTZkIn0%3D\">\n\t\t\t\t\t<div class=\"e-gallery-image elementor-gallery-item__image\" data-thumbnail=\"https:\/\/wheelchair-tours.org\/wp-content\/uploads\/2020\/12\/Wheelchair_tours_Rollstuhl_Wandern_Blog_Brixen_Hofburg_innenhof-pixabay-alex1965.jpg\" data-width=\"640\" data-height=\"400\" alt=\"Innenhof Hofburg Brixen\" ><\/div>\n\t\t\t\t\t\t\t\t\t\t\t<div class=\"elementor-gallery-item__overlay\"><\/div>\n\t\t\t\t\t\t\t\t\t\t\t\t\t\t\t<div class=\"elementor-gallery-item__content\">\n\t\t\t\t\t\t\t\t\t\t\t\t\t\t<div class=\"elementor-gallery-item__title\">\n\t\t\t\t\t\t\t\t\t\t\t\t\t\t\t\t\t\tCortile interno della Hofburg di Bressanone\t\t\t\t\t\t\t\t<\/div>\n\t\t\t\t\t\t\t\t\t\t\t\t\t\t\t<div class=\"elementor-gallery-item__description\">\n\t\t\t\t\t\t\t\t\t\t\t\t\t\t\t\t\t\t\u00a9 Alex 1965 \/ Pixabay\t\t\t\t\t\t\t\t<\/div>\n\t\t\t\t\t\t\t\t\t\t\t\t<\/div>\n\t\t\t\t\t\t\t\t\t<\/a>\n\t\t\t\t\t\t\t<a class=\"e-gallery-item elementor-gallery-item elementor-animated-content\" href=\"https:\/\/wheelchair-tours.org\/wp-content\/uploads\/2020\/12\/Wheelchair_tours_Rollstuhl_Wandern_Blog_Brixen_Hofburg_Wikipedia_Ladislav_Luppa.jpg\" data-elementor-open-lightbox=\"yes\" data-elementor-lightbox-slideshow=\"all-2b70b96d\" data-elementor-lightbox-title=\"Eingang zur Hofburg\" data-elementor-lightbox-description=\"\u00a9 Ladislav Luppa \/ Wikipedia\" data-e-action-hash=\"#elementor-action%3Aaction%3Dlightbox%26settings%3DeyJpZCI6NTk5OSwidXJsIjoiaHR0cHM6XC9cL3doZWVsY2hhaXItdG91cnMub3JnXC93cC1jb250ZW50XC91cGxvYWRzXC8yMDIwXC8xMlwvV2hlZWxjaGFpcl90b3Vyc19Sb2xsc3R1aGxfV2FuZGVybl9CbG9nX0JyaXhlbl9Ib2ZidXJnX1dpa2lwZWRpYV9MYWRpc2xhdl9MdXBwYS5qcGciLCJzbGlkZXNob3ciOiJhbGwtMmI3MGI5NmQifQ%3D%3D\">\n\t\t\t\t\t<div class=\"e-gallery-image elementor-gallery-item__image\" data-thumbnail=\"https:\/\/wheelchair-tours.org\/wp-content\/uploads\/2020\/12\/Wheelchair_tours_Rollstuhl_Wandern_Blog_Brixen_Hofburg_Wikipedia_Ladislav_Luppa.jpg\" data-width=\"640\" data-height=\"400\" alt=\"Eingang zur Hofburg\" ><\/div>\n\t\t\t\t\t\t\t\t\t\t\t<div class=\"elementor-gallery-item__overlay\"><\/div>\n\t\t\t\t\t\t\t\t\t\t\t\t\t\t\t<div class=\"elementor-gallery-item__content\">\n\t\t\t\t\t\t\t\t\t\t\t\t\t\t<div class=\"elementor-gallery-item__title\">\n\t\t\t\t\t\t\t\t\t\t\t\t\t\t\t\t\t\tIngresso alla Hofburg\t\t\t\t\t\t\t\t<\/div>\n\t\t\t\t\t\t\t\t\t\t\t\t\t\t\t<div class=\"elementor-gallery-item__description\">\n\t\t\t\t\t\t\t\t\t\t\t\t\t\t\t\t\t\t\u00a9 Ladislav Luppa \/ Wikipedia\t\t\t\t\t\t\t\t<\/div>\n\t\t\t\t\t\t\t\t\t\t\t\t<\/div>\n\t\t\t\t\t\t\t\t\t<\/a>\n\t\t\t\t\t<\/div>\n\t\t\t<\/div>\n\t\t\t\t<\/div>\n\t\t\t\t<div class=\"elementor-element elementor-element-3457900 elementor-widget elementor-widget-html\" data-id=\"3457900\" data-element_type=\"widget\" data-widget_type=\"html.default\">\n\t\t\t\t<div class=\"elementor-widget-container\">\n\t\t\t<div align=\"center\"><script type=\"text\/javascript\" src=\"https:\/\/player.peer.tv\/js\/f0ad9a14179526b58bcbd01ae4c1d573\/?w=liquid-proportional\"><\/script><p><a href=\"https:\/\/www.peer.tv\/de\/642\" target=\"_blank\" rel=\"noopener\">Un giro per Bressanone<\/a> su <a href=\"https:\/\/www.peer.tv\/de\" target=\"_blank\" rel=\"noopener\">Peer.tv<\/a><\/p><\/div>\t\t<\/div>\n\t\t\t\t<\/div>\n\t\t\t\t\t<\/div>\n\t\t<\/div>\n\t\t\t\t<div class=\"has_eae_slider elementor-column elementor-col-66 elementor-top-column elementor-element elementor-element-54d1e764\" data-eae-slider=\"56042\" data-id=\"54d1e764\" data-element_type=\"column\">\n\t\t\t<div class=\"elementor-widget-wrap elementor-element-populated\">\n\t\t\t\t\t\t\t\t<div class=\"elementor-element elementor-element-413bbb3f elementor-widget elementor-widget-heading\" data-id=\"413bbb3f\" data-element_type=\"widget\" data-widget_type=\"heading.default\">\n\t\t\t\t<div class=\"elementor-widget-container\">\n\t\t\t<h3 class=\"elementor-heading-title elementor-size-default\">Palazzo Imperiale &amp; Museo Diocesano Bressanone<\/h3>\t\t<\/div>\n\t\t\t\t<\/div>\n\t\t\t\t<div class=\"elementor-element elementor-element-37d94 elementor-widget elementor-widget-text-editor\" data-id=\"37d94\" data-element_type=\"widget\" data-widget_type=\"text-editor.default\">\n\t\t\t\t<div class=\"elementor-widget-container\">\n\t\t\t\t\t\t\t<p>La Hofburg nel centro di Bressanone \u00e8 una delle corti del castello pi\u00f9 importanti dell'Alto Adige ed era originariamente un castello cittadino medievale costruito nel XIII secolo. Nella sua forma attuale, il castello \u00e8 un edificio rinascimentale e barocco che ospita il Museo Diocesano ed \u00e8 anche usato come sede di vari eventi. Durante il periodo natalizio, per esempio, nel pittoresco cortile della Hofburg si svolgono spettacoli di luci e musica mozzafiato che affascinano ogni anno numerosi visitatori e possono essere perfettamente combinati con una visita al mercatino di Natale di Bressanone.<\/p><p>Fino al 1973, la Hofburg era la residenza dei vescovi della diocesi di Bressanone, che detenevano anche il potere secolare fino al 1800 circa. Cos\u00ec Bressanone era in possesso di una corte principesca, alla quale risale il nome \"Hofburg\". Nel 1973 la sede vescovile fu trasferita a Bolzano e la Hofburg fu usata per altri scopi.<\/p><p>All'esterno, la Hofburg di Bressanone \u00e8 un palazzo chiuso con quattro ali, tre piani, due portici a forma di torre e un fossato fortificato sul lato sud. Oggi un ponte di mattoni conduce sopra il fossato. I visitatori entrano nel magnifico cortile interno attraverso un atrio stuccato.<\/p><p>La collezione del Museo Diocesano contiene opere d'arte sacra dal periodo romanico all'et\u00e0 moderna. Ospita anche il tesoro del Duomo di Bressanone, che \u00e8 uno dei pi\u00f9 importanti dell'arco alpino e comprende numerosi utensili liturgici, paramenti e reliquiari.<\/p>\t\t\t\t\t\t<\/div>\n\t\t\t\t<\/div>\n\t\t\t\t<div class=\"elementor-element elementor-element-40a479d elementor-widget elementor-widget-heading\" data-id=\"40a479d\" data-element_type=\"widget\" data-widget_type=\"heading.default\">\n\t\t\t\t<div class=\"elementor-widget-container\">\n\t\t\t<h4 class=\"elementor-heading-title elementor-size-default\">Accessibilit\u00e0<\/h4>\t\t<\/div>\n\t\t\t\t<\/div>\n\t\t\t\t<div class=\"elementor-element elementor-element-9ac8998 elementor-widget elementor-widget-text-editor\" data-id=\"9ac8998\" data-element_type=\"widget\" data-widget_type=\"text-editor.default\">\n\t\t\t\t<div class=\"elementor-widget-container\">\n\t\t\t\t\t\t\t<p>L'accesso alla Hofburg \u00e8 tramite un percorso pianeggiante ma accidentato di pavimentazione in pietra naturale. Il tour dei visitatori conduce prima attraverso il piano terra. Il punto di partenza \u00e8 una mostra di presepi, che pu\u00f2 essere raggiunta attraverso 2 brevi rampe di collegamento con una pendenza di 18 %.<strong><br \/><\/strong>Il pittoresco cortile interno conduce all'ascensore spazioso (260 \u00d7 110 cm), che vi porta al piano superiore. L\u00ec si possono visitare la Hofratstube, la tesoreria della cattedrale, la chiesa di corte e l'area espositiva. Ci sono alte soglie tra le singole stanze, in parte nella zona delle doppie porte.<\/p><p>Al piano terra, proprio accanto all'ascensore, c'\u00e8 un WC senza barriere.<\/p><p>Il giardino del cortile adiacente \u00e8 accessibile tramite una breve rampa ripida con una superficie irregolare in pietra naturale.<\/p>\t\t\t\t\t\t<\/div>\n\t\t\t\t<\/div>\n\t\t\t\t\t<\/div>\n\t\t<\/div>\n\t\t\t\t\t\t\t<\/div>\n\t\t<\/section>\n\t\t\t\t<section class=\"has_eae_slider elementor-section elementor-top-section elementor-element elementor-element-8a84776 elementor-section-boxed elementor-section-height-default elementor-section-height-default\" data-eae-slider=\"5495\" data-id=\"8a84776\" data-element_type=\"section\">\n\t\t\t\t\t\t<div class=\"elementor-container elementor-column-gap-default\">\n\t\t\t\t\t<div class=\"has_eae_slider elementor-column elementor-col-66 elementor-top-column elementor-element elementor-element-f16465f\" data-eae-slider=\"77346\" data-id=\"f16465f\" data-element_type=\"column\">\n\t\t\t<div class=\"elementor-widget-wrap elementor-element-populated\">\n\t\t\t\t\t\t\t\t<div class=\"elementor-element elementor-element-87ed79b elementor-widget elementor-widget-heading\" data-id=\"87ed79b\" data-element_type=\"widget\" data-widget_type=\"heading.default\">\n\t\t\t\t<div class=\"elementor-widget-container\">\n\t\t\t<h3 class=\"elementor-heading-title elementor-size-default\">Museo della farmacia<\/h3>\t\t<\/div>\n\t\t\t\t<\/div>\n\t\t\t\t<div class=\"elementor-element elementor-element-de804d5 elementor-widget elementor-widget-text-editor\" data-id=\"de804d5\" data-element_type=\"widget\" data-widget_type=\"text-editor.default\">\n\t\t\t\t<div class=\"elementor-widget-container\">\n\t\t\t\t\t\t\t<p>Il museo documenta pi\u00f9 di 400 anni di storia farmaceutica con una ricchezza di attrezzature, medicinali, recipienti e imballaggi. L'area espositiva \u00e8 di 150 m\u00b2 ed \u00e8 divisa in quattro sale. Viene presentato il lavoro nel laboratorio farmaceutico e gli strumenti del farmacista. Inoltre, viene dato uno sguardo alla vita di una famiglia che ha esercitato la professione di farmacista per molte generazioni.<\/p><p>Il museo ha una biblioteca con opere farmaceutiche di diversi secoli. Oltre alla semplice contemplazione degli oggetti esposti, il museo si basa sull'interattivit\u00e0.<\/p>\t\t\t\t\t\t<\/div>\n\t\t\t\t<\/div>\n\t\t\t\t<div class=\"elementor-element elementor-element-e18d017 elementor-widget elementor-widget-heading\" data-id=\"e18d017\" data-element_type=\"widget\" data-widget_type=\"heading.default\">\n\t\t\t\t<div class=\"elementor-widget-container\">\n\t\t\t<h4 class=\"elementor-heading-title elementor-size-default\">Accessibilit\u00e0<\/h4>\t\t<\/div>\n\t\t\t\t<\/div>\n\t\t\t\t<div class=\"elementor-element elementor-element-b3d2271 elementor-widget elementor-widget-text-editor\" data-id=\"b3d2271\" data-element_type=\"widget\" data-widget_type=\"text-editor.default\">\n\t\t\t\t<div class=\"elementor-widget-container\">\n\t\t\t\t\t\t\t<p>L'entrata del museo al secondo piano \u00e8 accessibile con l'ascensore (140 \u00d7 90 cm) ma ha sei gradini alti nella porta. Internamente, la collezione \u00e8 distribuita su 4 stanze collegate da grandi porte di legno (soglie alte 10 cm). C'\u00e8 un bagno senza barriere al piano terra.<\/p>\t\t\t\t\t\t<\/div>\n\t\t\t\t<\/div>\n\t\t\t\t\t<\/div>\n\t\t<\/div>\n\t\t\t\t<div class=\"has_eae_slider elementor-column elementor-col-33 elementor-top-column elementor-element elementor-element-a1625ef\" data-eae-slider=\"63849\" data-id=\"a1625ef\" data-element_type=\"column\">\n\t\t\t<div class=\"elementor-widget-wrap elementor-element-populated\">\n\t\t\t\t\t\t\t\t<div class=\"elementor-element elementor-element-00ad7f8 elementor-widget elementor-widget-html\" data-id=\"00ad7f8\" data-element_type=\"widget\" data-widget_type=\"html.default\">\n\t\t\t\t<div class=\"elementor-widget-container\">\n\t\t\t<div align=\"center\"><script type=\"text\/javascript\" src=\"https:\/\/player.peer.tv\/js\/ae7b7638adc2788a30e98e6a72595a52\/?w=liquid-proportional\"><\/script><p><a href=\"https:\/\/www.peer.tv\/de\/448\" target=\"_blank\" rel=\"noopener\">Museo della farmacia a Bressanone<\/a> su <a href=\"https:\/\/www.peer.tv\/de\" target=\"_blank\" rel=\"noopener\">Peer.tv<\/a><\/p><\/div>\t\t<\/div>\n\t\t\t\t<\/div>\n\t\t\t\t\t<\/div>\n\t\t<\/div>\n\t\t\t\t\t\t\t<\/div>\n\t\t<\/section>\n\t\t\t\t<section class=\"has_eae_slider elementor-section elementor-top-section elementor-element elementor-element-476f7f6 elementor-section-boxed elementor-section-height-default elementor-section-height-default\" data-eae-slider=\"39270\" data-id=\"476f7f6\" data-element_type=\"section\">\n\t\t\t\t\t\t<div class=\"elementor-container elementor-column-gap-default\">\n\t\t\t\t\t<div class=\"has_eae_slider elementor-column elementor-col-33 elementor-top-column elementor-element elementor-element-03c1b70\" data-eae-slider=\"2865\" data-id=\"03c1b70\" data-element_type=\"column\">\n\t\t\t<div class=\"elementor-widget-wrap elementor-element-populated\">\n\t\t\t\t\t\t\t\t<div class=\"elementor-element elementor-element-bceb143 elementor-widget elementor-widget-gallery\" data-id=\"bceb143\" data-element_type=\"widget\" data-settings=\"{&quot;columns&quot;:1,&quot;overlay_title&quot;:&quot;title&quot;,&quot;overlay_description&quot;:&quot;description&quot;,&quot;lazyload&quot;:&quot;yes&quot;,&quot;gallery_layout&quot;:&quot;grid&quot;,&quot;columns_tablet&quot;:2,&quot;columns_mobile&quot;:1,&quot;gap&quot;:{&quot;unit&quot;:&quot;px&quot;,&quot;size&quot;:10,&quot;sizes&quot;:[]},&quot;gap_tablet&quot;:{&quot;unit&quot;:&quot;px&quot;,&quot;size&quot;:10,&quot;sizes&quot;:[]},&quot;gap_mobile&quot;:{&quot;unit&quot;:&quot;px&quot;,&quot;size&quot;:10,&quot;sizes&quot;:[]},&quot;link_to&quot;:&quot;file&quot;,&quot;aspect_ratio&quot;:&quot;3:2&quot;,&quot;overlay_background&quot;:&quot;yes&quot;,&quot;content_hover_animation&quot;:&quot;fade-in&quot;}\" data-widget_type=\"gallery.default\">\n\t\t\t\t<div class=\"elementor-widget-container\">\n\t\t\t\t\t<div class=\"elementor-gallery__container\">\n\t\t\t\t\t\t\t<a class=\"e-gallery-item elementor-gallery-item elementor-animated-content\" href=\"https:\/\/wheelchair-tours.org\/wp-content\/uploads\/2020\/12\/Wheelchair_tours_Rollstuhl_Wandern_Blog_Brixen_Dom-mit-Blumen-pixabay-rottonara.jpg\" data-elementor-open-lightbox=\"yes\" data-elementor-lightbox-slideshow=\"all-bceb143\" data-elementor-lightbox-title=\"Brixner Dom\" data-elementor-lightbox-description=\"\u00a9 Rottonara \/ pixabay\" data-e-action-hash=\"#elementor-action%3Aaction%3Dlightbox%26settings%3DeyJpZCI6NTk5NywidXJsIjoiaHR0cHM6XC9cL3doZWVsY2hhaXItdG91cnMub3JnXC93cC1jb250ZW50XC91cGxvYWRzXC8yMDIwXC8xMlwvV2hlZWxjaGFpcl90b3Vyc19Sb2xsc3R1aGxfV2FuZGVybl9CbG9nX0JyaXhlbl9Eb20tbWl0LUJsdW1lbi1waXhhYmF5LXJvdHRvbmFyYS5qcGciLCJzbGlkZXNob3ciOiJhbGwtYmNlYjE0MyJ9\">\n\t\t\t\t\t<div class=\"e-gallery-image elementor-gallery-item__image\" data-thumbnail=\"https:\/\/wheelchair-tours.org\/wp-content\/uploads\/2020\/12\/Wheelchair_tours_Rollstuhl_Wandern_Blog_Brixen_Dom-mit-Blumen-pixabay-rottonara.jpg\" data-width=\"640\" data-height=\"400\" alt=\"Brixner Dom\" ><\/div>\n\t\t\t\t\t\t\t\t\t\t\t<div class=\"elementor-gallery-item__overlay\"><\/div>\n\t\t\t\t\t\t\t\t\t\t\t\t\t\t\t<div class=\"elementor-gallery-item__content\">\n\t\t\t\t\t\t\t\t\t\t\t\t\t\t<div class=\"elementor-gallery-item__title\">\n\t\t\t\t\t\t\t\t\t\t\t\t\t\t\t\t\t\tCattedrale di Bressanone\t\t\t\t\t\t\t\t<\/div>\n\t\t\t\t\t\t\t\t\t\t\t\t\t\t\t<div class=\"elementor-gallery-item__description\">\n\t\t\t\t\t\t\t\t\t\t\t\t\t\t\t\t\t\t\u00a9 Rottonara \/ pixabay\t\t\t\t\t\t\t\t<\/div>\n\t\t\t\t\t\t\t\t\t\t\t\t<\/div>\n\t\t\t\t\t\t\t\t\t<\/a>\n\t\t\t\t\t\t\t<a class=\"e-gallery-item elementor-gallery-item elementor-animated-content\" href=\"https:\/\/wheelchair-tours.org\/wp-content\/uploads\/2020\/12\/dom-558159_1280-pixelschubser99-pixabay-featured-image.jpg\" data-elementor-open-lightbox=\"yes\" data-elementor-lightbox-slideshow=\"all-bceb143\" data-elementor-lightbox-title=\"Brixner Dom\" data-elementor-lightbox-description=\"\u00a9 Pixelschubser99 \/ pixabay\" data-e-action-hash=\"#elementor-action%3Aaction%3Dlightbox%26settings%3DeyJpZCI6NTk0NiwidXJsIjoiaHR0cHM6XC9cL3doZWVsY2hhaXItdG91cnMub3JnXC93cC1jb250ZW50XC91cGxvYWRzXC8yMDIwXC8xMlwvZG9tLTU1ODE1OV8xMjgwLXBpeGVsc2NodWJzZXI5OS1waXhhYmF5LWZlYXR1cmVkLWltYWdlLmpwZyIsInNsaWRlc2hvdyI6ImFsbC1iY2ViMTQzIn0%3D\">\n\t\t\t\t\t<div class=\"e-gallery-image elementor-gallery-item__image\" data-thumbnail=\"https:\/\/wheelchair-tours.org\/wp-content\/uploads\/2020\/12\/dom-558159_1280-pixelschubser99-pixabay-featured-image.jpg\" data-width=\"1024\" data-height=\"576\" alt=\"Brixner Dom\" ><\/div>\n\t\t\t\t\t\t\t\t\t\t\t<div class=\"elementor-gallery-item__overlay\"><\/div>\n\t\t\t\t\t\t\t\t\t\t\t\t\t\t\t<div class=\"elementor-gallery-item__content\">\n\t\t\t\t\t\t\t\t\t\t\t\t\t\t<div class=\"elementor-gallery-item__title\">\n\t\t\t\t\t\t\t\t\t\t\t\t\t\t\t\t\t\tCattedrale di Bressanone\t\t\t\t\t\t\t\t<\/div>\n\t\t\t\t\t\t\t\t\t\t\t\t\t\t\t<div class=\"elementor-gallery-item__description\">\n\t\t\t\t\t\t\t\t\t\t\t\t\t\t\t\t\t\t\u00a9 Pixelschubser99 \/ pixabay\t\t\t\t\t\t\t\t<\/div>\n\t\t\t\t\t\t\t\t\t\t\t\t<\/div>\n\t\t\t\t\t\t\t\t\t<\/a>\n\t\t\t\t\t<\/div>\n\t\t\t<\/div>\n\t\t\t\t<\/div>\n\t\t\t\t\t<\/div>\n\t\t<\/div>\n\t\t\t\t<div class=\"has_eae_slider elementor-column elementor-col-66 elementor-top-column elementor-element elementor-element-09b8697\" data-eae-slider=\"10073\" data-id=\"09b8697\" data-element_type=\"column\">\n\t\t\t<div class=\"elementor-widget-wrap elementor-element-populated\">\n\t\t\t\t\t\t\t\t<div class=\"elementor-element elementor-element-7b04cc6 elementor-widget elementor-widget-heading\" data-id=\"7b04cc6\" data-element_type=\"widget\" data-widget_type=\"heading.default\">\n\t\t\t\t<div class=\"elementor-widget-container\">\n\t\t\t<h3 class=\"elementor-heading-title elementor-size-default\">Duomo e Chiostro di Bressanone<\/h3>\t\t<\/div>\n\t\t\t\t<\/div>\n\t\t\t\t<div class=\"elementor-element elementor-element-26a840a elementor-widget elementor-widget-text-editor\" data-id=\"26a840a\" data-element_type=\"widget\" data-widget_type=\"text-editor.default\">\n\t\t\t\t<div class=\"elementor-widget-container\">\n\t\t\t\t\t\t\t<p>La costruzione della cattedrale di Bressanone inizi\u00f2 nel 980. Dopo un grande incendio nel 1174, la cattedrale fu ricostruita e ampliata con tre navate e due torri romaniche. Successivamente, la cattedrale fu completata in stile gotico. Nel XVIII secolo la cattedrale fu ricostruita di nuovo e ottenne il suo attuale aspetto barocco. Il chiostro della cattedrale adiacente con i suoi affreschi \u00e8 particolarmente degno di essere visto. Il chiostro della cattedrale \u00e8 noto per i suoi meravigliosi dipinti murali. I portici sono stati dipinti in diverse epoche, dal romanico al gotico.<\/p>\t\t\t\t\t\t<\/div>\n\t\t\t\t<\/div>\n\t\t\t\t<div class=\"elementor-element elementor-element-25924cf elementor-widget elementor-widget-heading\" data-id=\"25924cf\" data-element_type=\"widget\" data-widget_type=\"heading.default\">\n\t\t\t\t<div class=\"elementor-widget-container\">\n\t\t\t<h4 class=\"elementor-heading-title elementor-size-default\">Accessibilit\u00e0<\/h4>\t\t<\/div>\n\t\t\t\t<\/div>\n\t\t\t\t<div class=\"elementor-element elementor-element-a4f8854 elementor-widget elementor-widget-text-editor\" data-id=\"a4f8854\" data-element_type=\"widget\" data-widget_type=\"text-editor.default\">\n\t\t\t\t<div class=\"elementor-widget-container\">\n\t\t\t\t\t\t\t<p>L'ingresso principale della chiesa della cattedrale sulla Cathedral Square ha una soglia alta 6 cm. Internamente, la cattedrale ha sufficiente spazio di manovra e il pavimento di marmo non causa alcuna difficolt\u00e0 nel muoversi.<\/p><p>Ci sono due opzioni per accedere al chiostro della cattedrale adiacente: Il portale d'ingresso sul lato destro dalla cattedrale ha 2 gradini (20 cm e 12 cm), per questo consigliamo ai visitatori in sedia a rotelle di utilizzare l'ingresso laterale nell'Albuingasse (numero civico 2) (soglia alta 6 cm). Internamente, il pittoresco chiostro della cattedrale \u00e8 progettato senza gradini.<\/p>\t\t\t\t\t\t<\/div>\n\t\t\t\t<\/div>\n\t\t\t\t\t<\/div>\n\t\t<\/div>\n\t\t\t\t\t\t\t<\/div>\n\t\t<\/section>\n\t\t\t\t<section class=\"has_eae_slider elementor-section elementor-top-section elementor-element elementor-element-abd7147 elementor-section-boxed elementor-section-height-default elementor-section-height-default\" data-eae-slider=\"71712\" data-id=\"abd7147\" data-element_type=\"section\">\n\t\t\t\t\t\t<div class=\"elementor-container elementor-column-gap-default\">\n\t\t\t\t\t<div class=\"has_eae_slider elementor-column elementor-col-100 elementor-top-column elementor-element elementor-element-3c889213\" data-eae-slider=\"83473\" data-id=\"3c889213\" data-element_type=\"column\">\n\t\t\t<div class=\"elementor-widget-wrap elementor-element-populated\">\n\t\t\t\t\t\t\t\t<div class=\"elementor-element elementor-element-260ad20c elementor-widget elementor-widget-heading\" data-id=\"260ad20c\" data-element_type=\"widget\" data-widget_type=\"heading.default\">\n\t\t\t\t<div class=\"elementor-widget-container\">\n\t\t\t<h2 class=\"elementor-heading-title elementor-size-default\">Bressanone - rilassato<\/h2>\t\t<\/div>\n\t\t\t\t<\/div>\n\t\t\t\t<div class=\"elementor-element elementor-element-310dcad elementor-widget-divider--view-line elementor-widget elementor-widget-divider\" data-id=\"310dcad\" data-element_type=\"widget\" data-widget_type=\"divider.default\">\n\t\t\t\t<div class=\"elementor-widget-container\">\n\t\t\t\t\t<div class=\"elementor-divider\">\n\t\t\t<span class=\"elementor-divider-separator\">\n\t\t\t\t\t\t<\/span>\n\t\t<\/div>\n\t\t\t\t<\/div>\n\t\t\t\t<\/div>\n\t\t\t\t<div class=\"elementor-element elementor-element-3b234245 elementor-widget elementor-widget-heading\" data-id=\"3b234245\" data-element_type=\"widget\" data-widget_type=\"heading.default\">\n\t\t\t\t<div class=\"elementor-widget-container\">\n\t\t\t<h5 class=\"elementor-heading-title elementor-size-default\">Senza barriere in arrivo a Bressanone<\/h5>\t\t<\/div>\n\t\t\t\t<\/div>\n\t\t\t\t\t<\/div>\n\t\t<\/div>\n\t\t\t\t\t\t\t<\/div>\n\t\t<\/section>\n\t\t\t\t<section class=\"has_eae_slider elementor-section elementor-top-section elementor-element elementor-element-9484d91 elementor-section-boxed elementor-section-height-default elementor-section-height-default\" data-eae-slider=\"557\" data-id=\"9484d91\" data-element_type=\"section\">\n\t\t\t\t\t\t<div class=\"elementor-container elementor-column-gap-default\">\n\t\t\t\t\t<div class=\"has_eae_slider elementor-column elementor-col-66 elementor-top-column elementor-element elementor-element-9a18781\" data-eae-slider=\"84737\" data-id=\"9a18781\" data-element_type=\"column\">\n\t\t\t<div class=\"elementor-widget-wrap elementor-element-populated\">\n\t\t\t\t\t\t\t\t<div class=\"elementor-element elementor-element-8180291 elementor-widget elementor-widget-heading\" data-id=\"8180291\" data-element_type=\"widget\" data-widget_type=\"heading.default\">\n\t\t\t\t<div class=\"elementor-widget-container\">\n\t\t\t<h3 class=\"elementor-heading-title elementor-size-default\">Acquarena Bressanone<\/h3>\t\t<\/div>\n\t\t\t\t<\/div>\n\t\t\t\t<div class=\"elementor-element elementor-element-33c3bd2a elementor-widget elementor-widget-text-editor\" data-id=\"33c3bd2a\" data-element_type=\"widget\" data-widget_type=\"text-editor.default\">\n\t\t\t\t<div class=\"elementor-widget-container\">\n\t\t\t\t\t\t\t<p>Per offrire un divertimento acquatico e un'atmosfera di benessere per tutta la famiglia, al giorno d'oggi ci vuole pi\u00f9 di una piscina ordinaria con una piscina per bambini. Una piscina d'avventura che ha stabilito nuovi standard in Alto Adige e ha trovato molti imitatori negli ultimi anni \u00e8 l'Acquarena a Bressanone.<\/p><p>Il ruolo pionieristico dell'Acquarena non \u00e8 casuale: le sue numerose piscine e vasche d'acqua, il generoso paesaggio delle saune, la vasta area wellness e fitness e l'eccellente ristorante ne fanno un vero e proprio fiore all'occhiello dell'Alto Adige. \u00c8 aperto 365 giorni all'anno e offre una piscina sportiva per i ratti d'acqua, una piscina di divertimento, una piscina per bambini, un idromassaggio cos\u00ec come una piscina di salamoia e varie saune.<br \/>Potete saperne di pi\u00f9 nel nostro articolo \"divertimento balneare senza barriere in Alto Adige\" o direttamente al\u00a0<span style=\"color: #333333;\"><strong><a style=\"color: #333333;\" href=\"http:\/\/www.acquarena.com\/de\/index.html\" target=\"_blank\" rel=\"noopener\">Homepage dell'Acquarena<\/a>.<\/strong><\/span><\/p>\t\t\t\t\t\t<\/div>\n\t\t\t\t<\/div>\n\t\t\t\t\t<\/div>\n\t\t<\/div>\n\t\t\t\t<div class=\"has_eae_slider elementor-column elementor-col-33 elementor-top-column elementor-element elementor-element-cbca32e\" data-eae-slider=\"31762\" data-id=\"cbca32e\" data-element_type=\"column\">\n\t\t\t<div class=\"elementor-widget-wrap\">\n\t\t\t\t\t\t\t\t\t<\/div>\n\t\t<\/div>\n\t\t\t\t\t\t\t<\/div>\n\t\t<\/section>\n\t\t\t\t<section class=\"has_eae_slider elementor-section elementor-top-section elementor-element elementor-element-554db61 elementor-section-boxed elementor-section-height-default elementor-section-height-default\" data-eae-slider=\"28335\" data-id=\"554db61\" data-element_type=\"section\">\n\t\t\t\t\t\t<div class=\"elementor-container elementor-column-gap-default\">\n\t\t\t\t\t<div class=\"has_eae_slider elementor-column elementor-col-100 elementor-top-column elementor-element elementor-element-2d61417\" data-eae-slider=\"35756\" data-id=\"2d61417\" data-element_type=\"column\">\n\t\t\t<div class=\"elementor-widget-wrap elementor-element-populated\">\n\t\t\t\t\t\t\t\t<div class=\"elementor-element elementor-element-15ce08d elementor-widget elementor-widget-heading\" data-id=\"15ce08d\" data-element_type=\"widget\" data-widget_type=\"heading.default\">\n\t\t\t\t<div class=\"elementor-widget-container\">\n\t\t\t<h2 class=\"elementor-heading-title elementor-size-default\">Bressanone - Parcheggio e servizi igienici<\/h2>\t\t<\/div>\n\t\t\t\t<\/div>\n\t\t\t\t<div class=\"elementor-element elementor-element-9787935 elementor-widget-divider--view-line elementor-widget elementor-widget-divider\" data-id=\"9787935\" data-element_type=\"widget\" data-widget_type=\"divider.default\">\n\t\t\t\t<div class=\"elementor-widget-container\">\n\t\t\t\t\t<div class=\"elementor-divider\">\n\t\t\t<span class=\"elementor-divider-separator\">\n\t\t\t\t\t\t<\/span>\n\t\t<\/div>\n\t\t\t\t<\/div>\n\t\t\t\t<\/div>\n\t\t\t\t<div class=\"elementor-element elementor-element-e5acccc elementor-widget elementor-widget-heading\" data-id=\"e5acccc\" data-element_type=\"widget\" data-widget_type=\"heading.default\">\n\t\t\t\t<div class=\"elementor-widget-container\">\n\t\t\t<h5 class=\"elementor-heading-title elementor-size-default\">Senza barriere in arrivo a Bressanone<\/h5>\t\t<\/div>\n\t\t\t\t<\/div>\n\t\t\t\t\t<\/div>\n\t\t<\/div>\n\t\t\t\t\t\t\t<\/div>\n\t\t<\/section>\n\t\t\t\t<section class=\"has_eae_slider elementor-section elementor-top-section elementor-element elementor-element-f45fc90 elementor-section-boxed elementor-section-height-default elementor-section-height-default\" data-eae-slider=\"5835\" data-id=\"f45fc90\" data-element_type=\"section\">\n\t\t\t\t\t\t<div class=\"elementor-container elementor-column-gap-default\">\n\t\t\t\t\t<div class=\"has_eae_slider elementor-column elementor-col-16 elementor-top-column elementor-element elementor-element-c27c830\" data-eae-slider=\"50043\" data-id=\"c27c830\" data-element_type=\"column\">\n\t\t\t<div class=\"elementor-widget-wrap\">\n\t\t\t\t\t\t\t\t\t<\/div>\n\t\t<\/div>\n\t\t\t\t<div class=\"has_eae_slider elementor-column elementor-col-66 elementor-top-column elementor-element elementor-element-8bef1b9\" data-eae-slider=\"58752\" data-id=\"8bef1b9\" data-element_type=\"column\">\n\t\t\t<div class=\"elementor-widget-wrap elementor-element-populated\">\n\t\t\t\t\t\t\t\t<div class=\"elementor-element elementor-element-80d465e elementor-widget elementor-widget-text-editor\" data-id=\"80d465e\" data-element_type=\"widget\" data-widget_type=\"text-editor.default\">\n\t\t\t\t<div class=\"elementor-widget-container\">\n\t\t\t\t\t\t\t<p>La citt\u00e0 \u00e8 ben attrezzata con parcheggi per disabili e servizi igienici pubblici senza barriere.<\/p>\t\t\t\t\t\t<\/div>\n\t\t\t\t<\/div>\n\t\t\t\t<div class=\"elementor-element elementor-element-2f71cb2 elementor-widget elementor-widget-html\" data-id=\"2f71cb2\" data-element_type=\"widget\" data-widget_type=\"html.default\">\n\t\t\t\t<div class=\"elementor-widget-container\">\n\t\t\t<div class=\"BorlabsCookie _brlbs-cb-googlemaps\"><div class=\"_brlbs-content-blocker\"> <div class=\"_brlbs-embed _brlbs-google-maps\"> <img decoding=\"async\" class=\"_brlbs-thumbnail\" src=\"https:\/\/wheelchair-tours.org\/wp-content\/plugins\/borlabs-cookie\/assets\/images\/cb-maps.png\" alt=\"Google Maps\"> <div class=\"_brlbs-caption\"> <p>Caricando la mappa, accetti l'informativa sulla privacy di Google.<br><a href=\"https:\/\/policies.google.com\/privacy\" target=\"_blank\" rel=\"nofollow noopener noreferrer\">Per saperne di pi\u00f9<\/a><\/p> <p><a class=\"_brlbs-btn\" href=\"#\" data-borlabs-cookie-unblock role=\"button\">Carica la mappa<\/a><\/p> <p><label><input type=\"checkbox\" name=\"unblockAll\" value=\"1\" checked> <small>Sblocca sempre Google Maps<\/small><\/label><\/p> <\/div> <\/div> <\/div><div class=\"borlabs-hide\" data-borlabs-cookie-type=\"content-blocker\" data-borlabs-cookie-id=\"googlemaps\"><script type=\"text\/template\">PGlmcmFtZSBzcmM9Imh0dHBzOi8vd3d3Lmdvb2dsZS5jb20vbWFwcy9kL2VtYmVkP21pZD0xeEExVnRPZjAwd3RvQlB0YmZweTRhTDdsclNDZFpfeEgmaGw9ZGUiIHdpZHRoPSI2NDAiIGhlaWdodD0iMjAwIj48L2lmcmFtZT4=<\/script><\/div><\/div>\t\t<\/div>\n\t\t\t\t<\/div>\n\t\t\t\t\t<\/div>\n\t\t<\/div>\n\t\t\t\t<div class=\"has_eae_slider elementor-column elementor-col-16 elementor-top-column elementor-element elementor-element-dc63dac\" data-eae-slider=\"65425\" data-id=\"dc63dac\" data-element_type=\"column\">\n\t\t\t<div class=\"elementor-widget-wrap\">\n\t\t\t\t\t\t\t\t\t<\/div>\n\t\t<\/div>\n\t\t\t\t\t\t\t<\/div>\n\t\t<\/section>\n\t\t\t\t<section class=\"has_eae_slider elementor-section elementor-top-section elementor-element elementor-element-ad7479b elementor-section-boxed elementor-section-height-default elementor-section-height-default\" data-eae-slider=\"57749\" data-id=\"ad7479b\" data-element_type=\"section\">\n\t\t\t\t\t\t<div class=\"elementor-container elementor-column-gap-default\">\n\t\t\t\t\t<div class=\"has_eae_slider elementor-column elementor-col-100 elementor-top-column elementor-element elementor-element-de47c4d\" data-eae-slider=\"17433\" data-id=\"de47c4d\" data-element_type=\"column\">\n\t\t\t<div class=\"elementor-widget-wrap elementor-element-populated\">\n\t\t\t\t\t\t\t\t<div class=\"elementor-element elementor-element-da63697 elementor-widget elementor-widget-gallery\" data-id=\"da63697\" data-element_type=\"widget\" data-settings=\"{&quot;overlay_title&quot;:&quot;title&quot;,&quot;overlay_description&quot;:&quot;description&quot;,&quot;gallery_layout&quot;:&quot;masonry&quot;,&quot;gap&quot;:{&quot;unit&quot;:&quot;px&quot;,&quot;size&quot;:5,&quot;sizes&quot;:[]},&quot;lazyload&quot;:&quot;yes&quot;,&quot;columns&quot;:4,&quot;columns_tablet&quot;:2,&quot;columns_mobile&quot;:1,&quot;gap_tablet&quot;:{&quot;unit&quot;:&quot;px&quot;,&quot;size&quot;:10,&quot;sizes&quot;:[]},&quot;gap_mobile&quot;:{&quot;unit&quot;:&quot;px&quot;,&quot;size&quot;:10,&quot;sizes&quot;:[]},&quot;link_to&quot;:&quot;file&quot;,&quot;overlay_background&quot;:&quot;yes&quot;,&quot;content_hover_animation&quot;:&quot;fade-in&quot;}\" data-widget_type=\"gallery.default\">\n\t\t\t\t<div class=\"elementor-widget-container\">\n\t\t\t\t\t<div class=\"elementor-gallery__container\">\n\t\t\t\t\t\t\t<a class=\"e-gallery-item elementor-gallery-item elementor-animated-content\" href=\"https:\/\/wheelchair-tours.org\/wp-content\/uploads\/2020\/12\/Wheelchair_tours_Rollstuhl_Wandern_Blog_Brixen_Plose_von_oben_Wikipedia_Clemens_Stockner.jpg\" data-elementor-open-lightbox=\"yes\" data-elementor-lightbox-slideshow=\"all-da63697\" data-elementor-lightbox-title=\"Brixens Hausberg Plose\" data-elementor-lightbox-description=\"\u00a9 Clemens Stockner \/ Wikipedia\" data-e-action-hash=\"#elementor-action%3Aaction%3Dlightbox%26settings%3DeyJpZCI6NjAwNCwidXJsIjoiaHR0cHM6XC9cL3doZWVsY2hhaXItdG91cnMub3JnXC93cC1jb250ZW50XC91cGxvYWRzXC8yMDIwXC8xMlwvV2hlZWxjaGFpcl90b3Vyc19Sb2xsc3R1aGxfV2FuZGVybl9CbG9nX0JyaXhlbl9QbG9zZV92b25fb2Jlbl9XaWtpcGVkaWFfQ2xlbWVuc19TdG9ja25lci5qcGciLCJzbGlkZXNob3ciOiJhbGwtZGE2MzY5NyJ9\">\n\t\t\t\t\t<div class=\"e-gallery-image elementor-gallery-item__image\" data-thumbnail=\"https:\/\/wheelchair-tours.org\/wp-content\/uploads\/2020\/12\/Wheelchair_tours_Rollstuhl_Wandern_Blog_Brixen_Plose_von_oben_Wikipedia_Clemens_Stockner.jpg\" data-width=\"640\" data-height=\"400\" alt=\"Brixens Hausberg Plose\" ><\/div>\n\t\t\t\t\t\t\t\t\t\t\t<div class=\"elementor-gallery-item__overlay\"><\/div>\n\t\t\t\t\t\t\t\t\t\t\t\t\t\t\t<div class=\"elementor-gallery-item__content\">\n\t\t\t\t\t\t\t\t\t\t\t\t\t\t<div class=\"elementor-gallery-item__title\">\n\t\t\t\t\t\t\t\t\t\t\t\t\t\t\t\t\t\tLa montagna locale Plose di Bressanone\t\t\t\t\t\t\t\t<\/div>\n\t\t\t\t\t\t\t\t\t\t\t\t\t\t\t<div class=\"elementor-gallery-item__description\">\n\t\t\t\t\t\t\t\t\t\t\t\t\t\t\t\t\t\t\u00a9 Clemens Stockner \/ Wikipedia\t\t\t\t\t\t\t\t<\/div>\n\t\t\t\t\t\t\t\t\t\t\t\t<\/div>\n\t\t\t\t\t\t\t\t\t<\/a>\n\t\t\t\t\t\t\t<a class=\"e-gallery-item elementor-gallery-item elementor-animated-content\" href=\"https:\/\/wheelchair-tours.org\/wp-content\/uploads\/2020\/12\/Wheelchair_tours_Rollstuhl_Wandern_Blog_Brixen_Plose_Kapelle_wikipedia_Oliver_Abels.jpg\" data-elementor-open-lightbox=\"yes\" data-elementor-lightbox-slideshow=\"all-da63697\" data-elementor-lightbox-title=\"Kapelle auf der Plose\" data-elementor-lightbox-description=\"\u00a9 Oliver Abels \/ Wikipedia\" data-e-action-hash=\"#elementor-action%3Aaction%3Dlightbox%26settings%3DeyJpZCI6NjAwMiwidXJsIjoiaHR0cHM6XC9cL3doZWVsY2hhaXItdG91cnMub3JnXC93cC1jb250ZW50XC91cGxvYWRzXC8yMDIwXC8xMlwvV2hlZWxjaGFpcl90b3Vyc19Sb2xsc3R1aGxfV2FuZGVybl9CbG9nX0JyaXhlbl9QbG9zZV9LYXBlbGxlX3dpa2lwZWRpYV9PbGl2ZXJfQWJlbHMuanBnIiwic2xpZGVzaG93IjoiYWxsLWRhNjM2OTcifQ%3D%3D\">\n\t\t\t\t\t<div class=\"e-gallery-image elementor-gallery-item__image\" data-thumbnail=\"https:\/\/wheelchair-tours.org\/wp-content\/uploads\/2020\/12\/Wheelchair_tours_Rollstuhl_Wandern_Blog_Brixen_Plose_Kapelle_wikipedia_Oliver_Abels.jpg\" data-width=\"640\" data-height=\"400\" alt=\"Kapelle auf der Plose\" ><\/div>\n\t\t\t\t\t\t\t\t\t\t\t<div class=\"elementor-gallery-item__overlay\"><\/div>\n\t\t\t\t\t\t\t\t\t\t\t\t\t\t\t<div class=\"elementor-gallery-item__content\">\n\t\t\t\t\t\t\t\t\t\t\t\t\t\t<div class=\"elementor-gallery-item__title\">\n\t\t\t\t\t\t\t\t\t\t\t\t\t\t\t\t\t\tCappella sulla Plose\t\t\t\t\t\t\t\t<\/div>\n\t\t\t\t\t\t\t\t\t\t\t\t\t\t\t<div class=\"elementor-gallery-item__description\">\n\t\t\t\t\t\t\t\t\t\t\t\t\t\t\t\t\t\t\u00a9 Oliver Abels \/ Wikipedia\t\t\t\t\t\t\t\t<\/div>\n\t\t\t\t\t\t\t\t\t\t\t\t<\/div>\n\t\t\t\t\t\t\t\t\t<\/a>\n\t\t\t\t\t\t\t<a class=\"e-gallery-item elementor-gallery-item elementor-animated-content\" href=\"https:\/\/wheelchair-tours.org\/wp-content\/uploads\/2020\/12\/Wheelchair_tours_Rollstuhl_Wandern_Blog_Brixen_Plose_Aussicht-auf-Dolomiten_pixabay-Hajo-Philippi.jpg\" data-elementor-open-lightbox=\"yes\" data-elementor-lightbox-slideshow=\"all-da63697\" data-elementor-lightbox-title=\"Blick von der Plose auf die Dolomiten\" data-elementor-lightbox-description=\"\u00a9 Hajo Philippi \/ pixabay\" data-e-action-hash=\"#elementor-action%3Aaction%3Dlightbox%26settings%3DeyJpZCI6NjAwMSwidXJsIjoiaHR0cHM6XC9cL3doZWVsY2hhaXItdG91cnMub3JnXC93cC1jb250ZW50XC91cGxvYWRzXC8yMDIwXC8xMlwvV2hlZWxjaGFpcl90b3Vyc19Sb2xsc3R1aGxfV2FuZGVybl9CbG9nX0JyaXhlbl9QbG9zZV9BdXNzaWNodC1hdWYtRG9sb21pdGVuX3BpeGFiYXktSGFqby1QaGlsaXBwaS5qcGciLCJzbGlkZXNob3ciOiJhbGwtZGE2MzY5NyJ9\">\n\t\t\t\t\t<div class=\"e-gallery-image elementor-gallery-item__image\" data-thumbnail=\"https:\/\/wheelchair-tours.org\/wp-content\/uploads\/2020\/12\/Wheelchair_tours_Rollstuhl_Wandern_Blog_Brixen_Plose_Aussicht-auf-Dolomiten_pixabay-Hajo-Philippi.jpg\" data-width=\"640\" data-height=\"400\" alt=\"Blick von der Plose auf die Dolomiten\" ><\/div>\n\t\t\t\t\t\t\t\t\t\t\t<div class=\"elementor-gallery-item__overlay\"><\/div>\n\t\t\t\t\t\t\t\t\t\t\t\t\t\t\t<div class=\"elementor-gallery-item__content\">\n\t\t\t\t\t\t\t\t\t\t\t\t\t\t<div class=\"elementor-gallery-item__title\">\n\t\t\t\t\t\t\t\t\t\t\t\t\t\t\t\t\t\tVista dalla Plose alle Dolomiti\t\t\t\t\t\t\t\t<\/div>\n\t\t\t\t\t\t\t\t\t\t\t\t\t\t\t<div class=\"elementor-gallery-item__description\">\n\t\t\t\t\t\t\t\t\t\t\t\t\t\t\t\t\t\t\u00a9 Hajo Philippi \/ pixabay\t\t\t\t\t\t\t\t<\/div>\n\t\t\t\t\t\t\t\t\t\t\t\t<\/div>\n\t\t\t\t\t\t\t\t\t<\/a>\n\t\t\t\t\t\t\t<a class=\"e-gallery-item elementor-gallery-item elementor-animated-content\" href=\"https:\/\/wheelchair-tours.org\/wp-content\/uploads\/2020\/12\/Wheelchair_tours_Rollstuhl_Wandern_Blog_Brixen_Neustift_Innenhof_pixabay_Alfred_Stier.jpg\" data-elementor-open-lightbox=\"yes\" data-elementor-lightbox-slideshow=\"all-da63697\" data-elementor-lightbox-title=\"Innenhof Kloster Neustift\" data-elementor-lightbox-description=\"\u00a9 Alfred Stier \/ Pixabay\" data-e-action-hash=\"#elementor-action%3Aaction%3Dlightbox%26settings%3DeyJpZCI6NjAwMCwidXJsIjoiaHR0cHM6XC9cL3doZWVsY2hhaXItdG91cnMub3JnXC93cC1jb250ZW50XC91cGxvYWRzXC8yMDIwXC8xMlwvV2hlZWxjaGFpcl90b3Vyc19Sb2xsc3R1aGxfV2FuZGVybl9CbG9nX0JyaXhlbl9OZXVzdGlmdF9Jbm5lbmhvZl9waXhhYmF5X0FsZnJlZF9TdGllci5qcGciLCJzbGlkZXNob3ciOiJhbGwtZGE2MzY5NyJ9\">\n\t\t\t\t\t<div class=\"e-gallery-image elementor-gallery-item__image\" data-thumbnail=\"https:\/\/wheelchair-tours.org\/wp-content\/uploads\/2020\/12\/Wheelchair_tours_Rollstuhl_Wandern_Blog_Brixen_Neustift_Innenhof_pixabay_Alfred_Stier.jpg\" data-width=\"640\" data-height=\"400\" alt=\"Innenhof Kloster Neustift\" ><\/div>\n\t\t\t\t\t\t\t\t\t\t\t<div class=\"elementor-gallery-item__overlay\"><\/div>\n\t\t\t\t\t\t\t\t\t\t\t\t\t\t\t<div class=\"elementor-gallery-item__content\">\n\t\t\t\t\t\t\t\t\t\t\t\t\t\t<div class=\"elementor-gallery-item__title\">\n\t\t\t\t\t\t\t\t\t\t\t\t\t\t\t\t\t\tCortile interno del monastero di Neustift\t\t\t\t\t\t\t\t<\/div>\n\t\t\t\t\t\t\t\t\t\t\t\t\t\t\t<div class=\"elementor-gallery-item__description\">\n\t\t\t\t\t\t\t\t\t\t\t\t\t\t\t\t\t\t\u00a9 Alfred Stier \/ Pixabay\t\t\t\t\t\t\t\t<\/div>\n\t\t\t\t\t\t\t\t\t\t\t\t<\/div>\n\t\t\t\t\t\t\t\t\t<\/a>\n\t\t\t\t\t<\/div>\n\t\t\t<\/div>\n\t\t\t\t<\/div>\n\t\t\t\t\t<\/div>\n\t\t<\/div>\n\t\t\t\t\t\t\t<\/div>\n\t\t<\/section>\n\t\t\t\t<section class=\"has_eae_slider elementor-section elementor-top-section elementor-element elementor-element-6413deb elementor-section-boxed elementor-section-height-default elementor-section-height-default\" data-eae-slider=\"25588\" data-id=\"6413deb\" data-element_type=\"section\">\n\t\t\t\t\t\t<div class=\"elementor-container elementor-column-gap-default\">\n\t\t\t\t\t<div class=\"has_eae_slider elementor-column elementor-col-100 elementor-top-column elementor-element elementor-element-7b5dbdb\" data-eae-slider=\"27428\" data-id=\"7b5dbdb\" data-element_type=\"column\">\n\t\t\t<div class=\"elementor-widget-wrap elementor-element-populated\">\n\t\t\t\t\t\t\t\t<div class=\"elementor-element elementor-element-d6df0bc elementor-widget elementor-widget-heading\" data-id=\"d6df0bc\" data-element_type=\"widget\" data-widget_type=\"heading.default\">\n\t\t\t\t<div class=\"elementor-widget-container\">\n\t\t\t<h2 class=\"elementor-heading-title elementor-size-default\">Intorno a Bressanone<\/h2>\t\t<\/div>\n\t\t\t\t<\/div>\n\t\t\t\t<div class=\"elementor-element elementor-element-c606d6d elementor-widget-divider--view-line elementor-widget elementor-widget-divider\" data-id=\"c606d6d\" data-element_type=\"widget\" data-widget_type=\"divider.default\">\n\t\t\t\t<div class=\"elementor-widget-container\">\n\t\t\t\t\t<div class=\"elementor-divider\">\n\t\t\t<span class=\"elementor-divider-separator\">\n\t\t\t\t\t\t<\/span>\n\t\t<\/div>\n\t\t\t\t<\/div>\n\t\t\t\t<\/div>\n\t\t\t\t<div class=\"elementor-element elementor-element-8ce5d33 elementor-widget elementor-widget-heading\" data-id=\"8ce5d33\" data-element_type=\"widget\" data-widget_type=\"heading.default\">\n\t\t\t\t<div class=\"elementor-widget-container\">\n\t\t\t<h5 class=\"elementor-heading-title elementor-size-default\">Sulla strada nella Valle dell'Isarco<\/h5>\t\t<\/div>\n\t\t\t\t<\/div>\n\t\t\t\t\t<\/div>\n\t\t<\/div>\n\t\t\t\t\t\t\t<\/div>\n\t\t<\/section>\n\t\t\t\t<section class=\"has_eae_slider elementor-section elementor-top-section elementor-element elementor-element-d96eb91 elementor-section-boxed elementor-section-height-default elementor-section-height-default\" data-eae-slider=\"94445\" data-id=\"d96eb91\" data-element_type=\"section\">\n\t\t\t\t\t\t<div class=\"elementor-container elementor-column-gap-default\">\n\t\t\t\t\t<div class=\"has_eae_slider elementor-column elementor-col-16 elementor-top-column elementor-element elementor-element-07d6fc7\" data-eae-slider=\"62230\" data-id=\"07d6fc7\" data-element_type=\"column\">\n\t\t\t<div class=\"elementor-widget-wrap\">\n\t\t\t\t\t\t\t\t\t<\/div>\n\t\t<\/div>\n\t\t\t\t<div class=\"has_eae_slider elementor-column elementor-col-66 elementor-top-column elementor-element elementor-element-a929fae\" data-eae-slider=\"63368\" data-id=\"a929fae\" data-element_type=\"column\">\n\t\t\t<div class=\"elementor-widget-wrap elementor-element-populated\">\n\t\t\t\t\t\t\t\t<div class=\"elementor-element elementor-element-8971c64 elementor-widget elementor-widget-text-editor\" data-id=\"8971c64\" data-element_type=\"widget\" data-widget_type=\"text-editor.default\">\n\t\t\t\t<div class=\"elementor-widget-container\">\n\t\t\t\t\t\t\t<p>Anche i villaggi circostanti del comune di Bressanone hanno molto da offrire. Cos\u00ec si possono fare varie escursioni in tutte le direzioni del comune. A nord si trova il lago Vahrner See e il monastero di Neustift. A est si trova la montagna locale Plose, che pu\u00f2 essere raggiunta in funivia. Nel sud si pu\u00f2 pedalare attraverso i frutteti di mele lungo il fiume Eisack e sulla catena montuosa sinistra si pu\u00f2 godere la vista nei castagneti o iniziare una o l'altra escursione. Quindi c'\u00e8 qualcosa per tutti.<br \/>Ma cominciamo dal nord:<\/p>\t\t\t\t\t\t<\/div>\n\t\t\t\t<\/div>\n\t\t\t\t\t<\/div>\n\t\t<\/div>\n\t\t\t\t<div class=\"has_eae_slider elementor-column elementor-col-16 elementor-top-column elementor-element elementor-element-7715b8a\" data-eae-slider=\"99678\" data-id=\"7715b8a\" data-element_type=\"column\">\n\t\t\t<div class=\"elementor-widget-wrap\">\n\t\t\t\t\t\t\t\t\t<\/div>\n\t\t<\/div>\n\t\t\t\t\t\t\t<\/div>\n\t\t<\/section>\n\t\t\t\t<section class=\"has_eae_slider elementor-section elementor-top-section elementor-element elementor-element-4b4d1951 elementor-section-boxed elementor-section-height-default elementor-section-height-default\" data-eae-slider=\"15823\" data-id=\"4b4d1951\" data-element_type=\"section\">\n\t\t\t\t\t\t<div class=\"elementor-container elementor-column-gap-default\">\n\t\t\t\t\t<div class=\"has_eae_slider elementor-column elementor-col-66 elementor-top-column elementor-element elementor-element-466aea20\" data-eae-slider=\"49941\" data-id=\"466aea20\" data-element_type=\"column\">\n\t\t\t<div class=\"elementor-widget-wrap elementor-element-populated\">\n\t\t\t\t\t\t\t\t<div class=\"elementor-element elementor-element-6bf1643 elementor-widget elementor-widget-heading\" data-id=\"6bf1643\" data-element_type=\"widget\" data-widget_type=\"heading.default\">\n\t\t\t\t<div class=\"elementor-widget-container\">\n\t\t\t<h4 class=\"elementor-heading-title elementor-size-default\">Monastero di Neustift<\/h4>\t\t<\/div>\n\t\t\t\t<\/div>\n\t\t\t\t<div class=\"elementor-element elementor-element-35c802ba elementor-widget elementor-widget-text-editor\" data-id=\"35c802ba\" data-element_type=\"widget\" data-widget_type=\"text-editor.default\">\n\t\t\t\t<div class=\"elementor-widget-container\">\n\t\t\t\t\t\t\t<p>Una deviazione al monastero di Neustift, fondato nel 1142 dal vescovo Hartmann, a 3 km, vale la pena per gli amanti della cultura e del vino.<br \/><span style=\"font-size: 16px; color: var( --e-global-color-text ); font-family: var( --e-global-typography-text-font-family ), amethystia;\">Il monastero dei canonici agostiniani di Neustift fu fondato gi\u00e0 nel 1142 dall'allora vescovo Hartmann di Bressanone.<br \/><\/span><span style=\"font-size: 16px; color: var( --e-global-color-text ); font-family: var( --e-global-typography-text-font-family ), amethystia;\">Durante il periodo barocco e nel XVI secolo durante la minaccia dei Turchi, il monastero nella valle dell'Isarco fu ripetutamente ampliato e ricostruito e nel corso degli anni divenne sempre pi\u00f9 ricco di gemme storico-artistiche.<br \/><\/span><span style=\"font-size: 16px; color: var( --e-global-color-text ); font-family: var( --e-global-typography-text-font-family ), amethystia;\">Questi includono, per esempio, la chiesa collegiata tardo barocca \"Zu Unserer Lieben Frau\", il chiostro gotico, la vasta biblioteca e la Pinakothek. Da vedere sono, tra l'altro, la fontana dei miracoli nel cortile interno, che, oltre alle sette meraviglie del mondo, rappresenta il monastero stesso come l'ottava, cos\u00ec come la tomba del famoso menestrello altoatesino Oswald von Wolkenstein.<\/span><\/p><p>Tuttavia, Neustift non \u00e8 solo un indirizzo attraente per gli amanti dell'arte e della cultura, ma anche per gli intenditori di vino. Dopo tutto, Neustift \u00e8 una delle cantine pi\u00f9 importanti che possiede anche alcuni vigneti nella zona di Girlan nel sud dell'Alto Adige ed \u00e8 particolarmente apprezzata per i suoi Sylvaner, M\u00fcller-Thurgau e Kerner. Un'offerta corrispondente si trova nella Stiftkellerei e nella Weinschenke.<\/p><p>Curiosit\u00e0: il monastero di Neustift ha sempre avuto un dormitorio, che in passato e ancora oggi \u00e8 aperto solo ai ragazzi. Anche Baumi ha avuto il permesso di visitare questo dormitorio e spesso racconta storie sui tempi a volte eccitanti, a volte faticosi nel monastero di Neustift.<\/p><p>Un'escursione da Bressanone lungo il fiume Eisack fino al monastero di Neustift \u00e8 anche bella.<br \/>(Attenzione - il sentiero descritto non \u00e8 privo di barriere)<\/p>\t\t\t\t\t\t<\/div>\n\t\t\t\t<\/div>\n\t\t\t\t\t<\/div>\n\t\t<\/div>\n\t\t\t\t<div class=\"has_eae_slider elementor-column elementor-col-33 elementor-top-column elementor-element elementor-element-46b2146c\" data-eae-slider=\"74596\" data-id=\"46b2146c\" data-element_type=\"column\">\n\t\t\t<div class=\"elementor-widget-wrap elementor-element-populated\">\n\t\t\t\t\t\t\t\t<div class=\"elementor-element elementor-element-acd56cf elementor-widget elementor-widget-html\" data-id=\"acd56cf\" data-element_type=\"widget\" data-widget_type=\"html.default\">\n\t\t\t\t<div class=\"elementor-widget-container\">\n\t\t\t<div align=\"center\"><script type=\"text\/javascript\" src=\"https:\/\/player.peer.tv\/js\/834b4b7f8b9ff8acc06830fecfd36173\/?w=liquid-proportional\"><\/script><p><a href=\"https:\/\/www.peer.tv\/de\/483\" target=\"_blank\" rel=\"noopener\">Monastero di Neustift<\/a> su <a href=\"https:\/\/www.peer.tv\/de\" target=\"_blank\" rel=\"noopener\">Peer.tv<\/a><\/p><\/div>\t\t<\/div>\n\t\t\t\t<\/div>\n\t\t\t\t<div class=\"elementor-element elementor-element-a65f8a3 elementor-widget elementor-widget-google_maps\" data-id=\"a65f8a3\" data-element_type=\"widget\" data-widget_type=\"google_maps.default\">\n\t\t\t\t<div class=\"elementor-widget-container\">\n\t\t\t\t\t<div class=\"elementor-custom-embed\">\n\t\t\t<div class=\"BorlabsCookie _brlbs-cb-googlemaps\"><div class=\"_brlbs-content-blocker\"> <div class=\"_brlbs-embed _brlbs-google-maps\"> <img decoding=\"async\" class=\"_brlbs-thumbnail\" src=\"https:\/\/wheelchair-tours.org\/wp-content\/plugins\/borlabs-cookie\/assets\/images\/cb-maps.png\" alt=\"Google Maps\"> <div class=\"_brlbs-caption\"> <p>Caricando la mappa, accetti l'informativa sulla privacy di Google.<br><a href=\"https:\/\/policies.google.com\/privacy\" target=\"_blank\" rel=\"nofollow noopener noreferrer\">Per saperne di pi\u00f9<\/a><\/p> <p><a class=\"_brlbs-btn\" href=\"#\" data-borlabs-cookie-unblock role=\"button\">Carica la mappa<\/a><\/p> <p><label><input type=\"checkbox\" name=\"unblockAll\" value=\"1\" checked> <small>Sblocca sempre Google Maps<\/small><\/label><\/p> <\/div> <\/div> <\/div><div class=\"borlabs-hide\" data-borlabs-cookie-type=\"content-blocker\" data-borlabs-cookie-id=\"googlemaps\"><script type=\"text\/template\">PGlmcmFtZSBsb2FkaW5nPSJsYXp5IgoJCQkJCXNyYz0iaHR0cHM6Ly9tYXBzLmdvb2dsZS5jb20vbWFwcz9xPUtsb3N0ZXIlMjBOZXVzdGlmdCYjMDM4O3Q9bSYjMDM4O3o9MTUmIzAzODtvdXRwdXQ9ZW1iZWQmIzAzODtpd2xvYz1uZWFyIgoJCQkJCXRpdGxlPSJLbG9zdGVyIE5ldXN0aWZ0IgoJCQkJCWFyaWEtbGFiZWw9Iktsb3N0ZXIgTmV1c3RpZnQiCgkJCT48L2lmcmFtZT4=<\/script><\/div><\/div>\n\t\t<\/div>\n\t\t\t\t<\/div>\n\t\t\t\t<\/div>\n\t\t\t\t\t<\/div>\n\t\t<\/div>\n\t\t\t\t\t\t\t<\/div>\n\t\t<\/section>\n\t\t\t\t<section class=\"has_eae_slider elementor-section elementor-top-section elementor-element elementor-element-e7da05a elementor-section-boxed elementor-section-height-default elementor-section-height-default\" data-eae-slider=\"93414\" data-id=\"e7da05a\" data-element_type=\"section\">\n\t\t\t\t\t\t<div class=\"elementor-container elementor-column-gap-default\">\n\t\t\t\t\t<div class=\"has_eae_slider elementor-column elementor-col-33 elementor-top-column elementor-element elementor-element-d2705c0\" data-eae-slider=\"12124\" data-id=\"d2705c0\" data-element_type=\"column\">\n\t\t\t<div class=\"elementor-widget-wrap elementor-element-populated\">\n\t\t\t\t\t\t\t\t<div class=\"elementor-element elementor-element-81db7b4 elementor-widget elementor-widget-google_maps\" data-id=\"81db7b4\" data-element_type=\"widget\" data-widget_type=\"google_maps.default\">\n\t\t\t\t<div class=\"elementor-widget-container\">\n\t\t\t\t\t<div class=\"elementor-custom-embed\">\n\t\t\t<div class=\"BorlabsCookie _brlbs-cb-googlemaps\"><div class=\"_brlbs-content-blocker\"> <div class=\"_brlbs-embed _brlbs-google-maps\"> <img decoding=\"async\" class=\"_brlbs-thumbnail\" src=\"https:\/\/wheelchair-tours.org\/wp-content\/plugins\/borlabs-cookie\/assets\/images\/cb-maps.png\" alt=\"Google Maps\"> <div class=\"_brlbs-caption\"> <p>Caricando la mappa, accetti l'informativa sulla privacy di Google.<br><a href=\"https:\/\/policies.google.com\/privacy\" target=\"_blank\" rel=\"nofollow noopener noreferrer\">Per saperne di pi\u00f9<\/a><\/p> <p><a class=\"_brlbs-btn\" href=\"#\" data-borlabs-cookie-unblock role=\"button\">Carica la mappa<\/a><\/p> <p><label><input type=\"checkbox\" name=\"unblockAll\" value=\"1\" checked> <small>Sblocca sempre Google Maps<\/small><\/label><\/p> <\/div> <\/div> <\/div><div class=\"borlabs-hide\" data-borlabs-cookie-type=\"content-blocker\" data-borlabs-cookie-id=\"googlemaps\"><script type=\"text\/template\">PGlmcmFtZSBsb2FkaW5nPSJsYXp5IgoJCQkJCXNyYz0iaHR0cHM6Ly9tYXBzLmdvb2dsZS5jb20vbWFwcz9xPVZhaHJuZXIlMjBTZWUmIzAzODt0PW0mIzAzODt6PTEzJiMwMzg7b3V0cHV0PWVtYmVkJiMwMzg7aXdsb2M9bmVhciIKCQkJCQl0aXRsZT0iVmFocm5lciBTZWUiCgkJCQkJYXJpYS1sYWJlbD0iVmFocm5lciBTZWUiCgkJCT48L2lmcmFtZT4=<\/script><\/div><\/div>\n\t\t<\/div>\n\t\t\t\t<\/div>\n\t\t\t\t<\/div>\n\t\t\t\t\t<\/div>\n\t\t<\/div>\n\t\t\t\t<div class=\"has_eae_slider elementor-column elementor-col-66 elementor-top-column elementor-element elementor-element-2b00a4b\" data-eae-slider=\"38172\" data-id=\"2b00a4b\" data-element_type=\"column\">\n\t\t\t<div class=\"elementor-widget-wrap elementor-element-populated\">\n\t\t\t\t\t\t\t\t<div class=\"elementor-element elementor-element-b1a682f elementor-widget elementor-widget-heading\" data-id=\"b1a682f\" data-element_type=\"widget\" data-widget_type=\"heading.default\">\n\t\t\t\t<div class=\"elementor-widget-container\">\n\t\t\t<h4 class=\"elementor-heading-title elementor-size-default\">Lago Vahrner<\/h4>\t\t<\/div>\n\t\t\t\t<\/div>\n\t\t\t\t<div class=\"elementor-element elementor-element-661b55f elementor-widget elementor-widget-text-editor\" data-id=\"661b55f\" data-element_type=\"widget\" data-widget_type=\"text-editor.default\">\n\t\t\t\t<div class=\"elementor-widget-container\">\n\t\t\t\t\t\t\t<p>Il bellissimo Vahrner See \u00e8 la destinazione ideale per tutti gli intenditori e gli escursionisti. Intorno al lago si possono fare splendide passeggiate tra ciliegi, castagni e meli.<\/p><p>Il biotopo adiacente \u00e8 sotto protezione dal 1977 e fornisce un habitat per molte libellule diverse cos\u00ec come altre specie animali e vegetali. Tutti coloro che vogliono fare un tuffo rinfrescante nel lago possono farlo sulla riva nord e poi godersi il sole sul prato per prendere il sole.<\/p><p>Il sentiero escursionistico intorno al lago non \u00e8 affatto faticoso e pu\u00f2 quindi essere affrontato con tutta la famiglia. I numerosi angoli accoglienti vi invitano a fare un picnic nella natura pi\u00f9 bella. Di tanto in tanto il sentiero \u00e8 chiuso a causa di operazioni militari. Vale quindi la pena di chiedere prima alla locanda.<\/p><p>Noi stessi abbiamo gi\u00e0 intrapreso un'escursione da Vahrn al lago Vahrn e abbiamo documentato tutto.<\/p>\t\t\t\t\t\t<\/div>\n\t\t\t\t<\/div>\n\t\t\t\t\t<\/div>\n\t\t<\/div>\n\t\t\t\t\t\t\t<\/div>\n\t\t<\/section>\n\t\t\t\t<section class=\"has_eae_slider elementor-section elementor-top-section elementor-element elementor-element-a731c8f elementor-section-boxed elementor-section-height-default elementor-section-height-default\" data-eae-slider=\"33708\" data-id=\"a731c8f\" data-element_type=\"section\">\n\t\t\t\t\t\t<div class=\"elementor-container elementor-column-gap-default\">\n\t\t\t\t\t<div class=\"has_eae_slider elementor-column elementor-col-66 elementor-top-column elementor-element elementor-element-cb94d49\" data-eae-slider=\"10896\" data-id=\"cb94d49\" data-element_type=\"column\">\n\t\t\t<div class=\"elementor-widget-wrap elementor-element-populated\">\n\t\t\t\t\t\t\t\t<div class=\"elementor-element elementor-element-eb42dd0 elementor-widget elementor-widget-heading\" data-id=\"eb42dd0\" data-element_type=\"widget\" data-widget_type=\"heading.default\">\n\t\t\t\t<div class=\"elementor-widget-container\">\n\t\t\t<h4 class=\"elementor-heading-title elementor-size-default\">Plose - la \"montagna locale di Bressanone<\/h4>\t\t<\/div>\n\t\t\t\t<\/div>\n\t\t\t\t<div class=\"elementor-element elementor-element-f48315a elementor-widget elementor-widget-text-editor\" data-id=\"f48315a\" data-element_type=\"widget\" data-widget_type=\"text-editor.default\">\n\t\t\t\t<div class=\"elementor-widget-container\">\n\t\t\t\t\t\t\t<p>La Plose \u00e8 una catena montuosa nelle montagne del L\u00fcsner vicino a Bressanone. Su di esso ci sono diverse cime: Telegraph (2486 m s.l.m.), Pfannspitze (2547 m s.l.m.) e Gabler (2576 m s.l.m.). La Plose \u00e8 delimitata dalla valle dell'Isarco a ovest, dalla valle del L\u00fcsner a nord e a est e dalla valle dell'Afer a sud.<\/p><p>Grazie alle dolci creste, la Plose \u00e8 adatta allo sci ed \u00e8 accessibile da numerosi impianti di risalita. La funivia della Plose porta da St. Andr\u00e4 in basso direttamente nell'area sciistica. La pista Trametsch \u00e8 particolarmente nota e, con una lunghezza totale di 9 km, \u00e8 considerata la discesa pi\u00f9 lunga dell'Alto Adige. La Plose \u00e8 anche una vasta area di escursioni con un panorama notevole. Appena a sud del Telegraph e a ovest del Pfannspitze e del Gabler si trova la Ploseh\u00fctte.<\/p><p>Non abbiamo ancora fatto nessuna escursione sulla Plose. Tuttavia, il cosiddetto Woodywalk \u00e8 adatto alle carrozzine. Forse questo \u00e8 percorribile anche con una sedia a rotelle. <br \/>Se sei mai stato sulla Plose, non esitare a condividere le tue esperienze con noi. Meglio attraverso il <span style=\"color: #333333;\"><a style=\"color: #333333;\" href=\"https:\/\/wheelchair-tours.org\/it\/tour-erfassen\/\"><strong>Modulo<\/strong><\/a>: <\/span>Forse presto saremo in grado di pubblicare tour accessibili in sedia a rotelle sulla Plose.<\/p>\t\t\t\t\t\t<\/div>\n\t\t\t\t<\/div>\n\t\t\t\t<div class=\"elementor-element elementor-element-aa4f841 elementor-widget elementor-widget-heading\" data-id=\"aa4f841\" data-element_type=\"widget\" data-widget_type=\"heading.default\">\n\t\t\t\t<div class=\"elementor-widget-container\">\n\t\t\t<h5 class=\"elementor-heading-title elementor-size-default\">Accessibilit\u00e0<\/h5>\t\t<\/div>\n\t\t\t\t<\/div>\n\t\t\t\t<div class=\"elementor-element elementor-element-33b05cd elementor-widget elementor-widget-text-editor\" data-id=\"33b05cd\" data-element_type=\"widget\" data-widget_type=\"text-editor.default\">\n\t\t\t\t<div class=\"elementor-widget-container\">\n\t\t\t\t\t\t\t<p>Le funivie della Plose hanno un grande parcheggio per i visitatori con due posti riservati ai passeggeri disabili. Un percorso di accesso in piano conduce all'ingresso senza barriere e alla zona della biglietteria, dove c'\u00e8 un punto di ristoro e una toilette senza barriere. Per il successivo imbarco nelle cabine del treno in circolazione, il sistema si ferma per i passeggeri con sedia a rotelle: Il personale fornisce un'assistenza qualificata per superare la differenza di altezza esistente di circa 35 cm. Poich\u00e9 la porta della cabina e la cabina interna hanno una larghezza di 58 cm, si raccomanda che le sedie a rotelle possano essere ripiegate se necessario. Una volta arrivati alla stazione superiore di Kreuztal, si scende allo stesso modo. C'\u00e8 una toilette senza barriere nella zona di uscita della stazione di montagna. Una rampa con una pendenza di 15 % vi porta all'adiacente ristorante di montagna con terrazza solarium.<\/p>\t\t\t\t\t\t<\/div>\n\t\t\t\t<\/div>\n\t\t\t\t\t<\/div>\n\t\t<\/div>\n\t\t\t\t<div class=\"has_eae_slider elementor-column elementor-col-33 elementor-top-column elementor-element elementor-element-e6a3f4d\" data-eae-slider=\"50709\" data-id=\"e6a3f4d\" data-element_type=\"column\">\n\t\t\t<div class=\"elementor-widget-wrap elementor-element-populated\">\n\t\t\t\t\t\t\t\t<div class=\"elementor-element elementor-element-26ec4ec elementor-widget elementor-widget-google_maps\" data-id=\"26ec4ec\" data-element_type=\"widget\" data-widget_type=\"google_maps.default\">\n\t\t\t\t<div class=\"elementor-widget-container\">\n\t\t\t\t\t<div class=\"elementor-custom-embed\">\n\t\t\t<div class=\"BorlabsCookie _brlbs-cb-googlemaps\"><div class=\"_brlbs-content-blocker\"> <div class=\"_brlbs-embed _brlbs-google-maps\"> <img decoding=\"async\" class=\"_brlbs-thumbnail\" src=\"https:\/\/wheelchair-tours.org\/wp-content\/plugins\/borlabs-cookie\/assets\/images\/cb-maps.png\" alt=\"Google Maps\"> <div class=\"_brlbs-caption\"> <p>Caricando la mappa, accetti l'informativa sulla privacy di Google.<br><a href=\"https:\/\/policies.google.com\/privacy\" target=\"_blank\" rel=\"nofollow noopener noreferrer\">Per saperne di pi\u00f9<\/a><\/p> <p><a class=\"_brlbs-btn\" href=\"#\" data-borlabs-cookie-unblock role=\"button\">Carica la mappa<\/a><\/p> <p><label><input type=\"checkbox\" name=\"unblockAll\" value=\"1\" checked> <small>Sblocca sempre Google Maps<\/small><\/label><\/p> <\/div> <\/div> <\/div><div class=\"borlabs-hide\" data-borlabs-cookie-type=\"content-blocker\" data-borlabs-cookie-id=\"googlemaps\"><script type=\"text\/template\">PGlmcmFtZSBsb2FkaW5nPSJsYXp5IgoJCQkJCXNyYz0iaHR0cHM6Ly9tYXBzLmdvb2dsZS5jb20vbWFwcz9xPVBsb3NlJiMwMzg7dD1tJiMwMzg7ej0xMSYjMDM4O291dHB1dD1lbWJlZCYjMDM4O2l3bG9jPW5lYXIiCgkJCQkJdGl0bGU9IlBsb3NlIgoJCQkJCWFyaWEtbGFiZWw9IlBsb3NlIgoJCQk+PC9pZnJhbWU+<\/script><\/div><\/div>\n\t\t<\/div>\n\t\t\t\t<\/div>\n\t\t\t\t<\/div>\n\t\t\t\t<div class=\"elementor-element elementor-element-c7275fb elementor-widget elementor-widget-html\" data-id=\"c7275fb\" data-element_type=\"widget\" data-widget_type=\"html.default\">\n\t\t\t\t<div class=\"elementor-widget-container\">\n\t\t\t<div align=\"center\"><script type=\"text\/javascript\" src=\"https:\/\/player.peer.tv\/js\/e3861e0a21dca0ced9c510310ac74251\/?w=liquid-proportional\"><\/script><p><a href=\"https:\/\/www.peer.tv\/de\/469\" target=\"_blank\" rel=\"noopener\">Consiglio per l'escursionismo: Woody Walk Plose<\/a> su <a href=\"https:\/\/www.peer.tv\/de\" target=\"_blank\" rel=\"noopener\">Peer.tv<\/a><\/p><\/div>\t\t<\/div>\n\t\t\t\t<\/div>\n\t\t\t\t<div class=\"elementor-element elementor-element-c394ce8 elementor-widget elementor-widget-html\" data-id=\"c394ce8\" data-element_type=\"widget\" data-widget_type=\"html.default\">\n\t\t\t\t<div class=\"elementor-widget-container\">\n\t\t\t<div align=\"center\"><script type=\"text\/javascript\" src=\"https:\/\/player.peer.tv\/js\/89c61b1b3169c90f7c9d55b3de158b26\/?w=liquid-proportional\"><\/script><p><a href=\"https:\/\/www.peer.tv\/de\/724\" target=\"_blank\" rel=\"noopener\">Area sciistica Plose dall'alto<\/a> su <a href=\"https:\/\/www.peer.tv\/de\" target=\"_blank\" rel=\"noopener\">Peer.tv<\/a><\/p><\/div>\t\t<\/div>\n\t\t\t\t<\/div>\n\t\t\t\t\t<\/div>\n\t\t<\/div>\n\t\t\t\t\t\t\t<\/div>\n\t\t<\/section>\n\t\t\t\t<section class=\"has_eae_slider elementor-section elementor-top-section elementor-element elementor-element-8506d1f elementor-section-boxed elementor-section-height-default elementor-section-height-default\" data-eae-slider=\"67532\" data-id=\"8506d1f\" data-element_type=\"section\">\n\t\t\t\t\t\t<div class=\"elementor-container elementor-column-gap-default\">\n\t\t\t\t\t<div class=\"has_eae_slider elementor-column elementor-col-33 elementor-top-column elementor-element elementor-element-83ff515\" data-eae-slider=\"77330\" data-id=\"83ff515\" data-element_type=\"column\">\n\t\t\t<div class=\"elementor-widget-wrap elementor-element-populated\">\n\t\t\t\t\t\t\t\t<div class=\"elementor-element elementor-element-7426119 elementor-widget elementor-widget-html\" data-id=\"7426119\" data-element_type=\"widget\" data-widget_type=\"html.default\">\n\t\t\t\t<div class=\"elementor-widget-container\">\n\t\t\t<div class=\"BorlabsCookie _brlbs-cb-default\"><div class=\"_brlbs-content-blocker\"> <div class=\"_brlbs-default\"> <p>Clicca il pulsante qui sotto per scaricare il contenuto di www.komoot.de.<\/p> <p><a class=\"_brlbs-btn\" href=\"#\" data-borlabs-cookie-unblock role=\"button\">Contenuto del carico<\/a><\/p> <\/div> <\/div><div class=\"borlabs-hide\" data-borlabs-cookie-type=\"content-blocker\" data-borlabs-cookie-id=\"default\"><script type=\"text\/template\">PGlmcmFtZSBzcmM9Imh0dHBzOi8vd3d3LmtvbW9vdC5kZS90b3VyLzI1NTYyMzE0Ny9lbWJlZD9wcm9maWxlPTEiIHdpZHRoPSIxMDAlIiBoZWlnaHQ9IjU4MCIgZnJhbWVib3JkZXI9IjAiIHNjcm9sbGluZz0ibm8iPjwvaWZyYW1lPg==<\/script><\/div><\/div>\t\t<\/div>\n\t\t\t\t<\/div>\n\t\t\t\t\t<\/div>\n\t\t<\/div>\n\t\t\t\t<div class=\"has_eae_slider elementor-column elementor-col-66 elementor-top-column elementor-element elementor-element-6f5abca\" data-eae-slider=\"52227\" data-id=\"6f5abca\" data-element_type=\"column\">\n\t\t\t<div class=\"elementor-widget-wrap elementor-element-populated\">\n\t\t\t\t\t\t\t\t<div class=\"elementor-element elementor-element-ee98380 elementor-widget elementor-widget-heading\" data-id=\"ee98380\" data-element_type=\"widget\" data-widget_type=\"heading.default\">\n\t\t\t\t<div class=\"elementor-widget-container\">\n\t\t\t<h4 class=\"elementor-heading-title elementor-size-default\">La pista ciclabile Eisacktaler<\/h4>\t\t<\/div>\n\t\t\t\t<\/div>\n\t\t\t\t<div class=\"elementor-element elementor-element-2cc7255 elementor-widget elementor-widget-text-editor\" data-id=\"2cc7255\" data-element_type=\"widget\" data-widget_type=\"text-editor.default\">\n\t\t\t\t<div class=\"elementor-widget-container\">\n\t\t\t\t\t\t\t<p>La pista ciclabile tra Bressanone e Bolzano attraversa la selvaggia Valle Isarco - dove si allarga, si estendono cantine e insediamenti.<\/p><p>La stretta valle dell'Isarco deve fare spazio a tre arterie di traffico principali oltre al fiume: La strada del Brennero, l'autostrada e la ferrovia. Quest'ultimo \u00e8 stato in gran parte trasferito in gallerie sotto la montagna negli ultimi anni - la pista ciclabile corre ora al suo posto. Il percorso inizia a Bressanone e si dirige a sud lungo l'Isarco. Qui la valle \u00e8 ampia, le mele prosperano e sul soleggiato versante occidentale le viti. In breve tempo raggiungiamo la citt\u00e0 medievale di Klausen, dominata dal monastero di S\u00e4ben e dal castello di Branzoll. Dopo una pausa obbligatoria nel centro della citt\u00e0, il percorso continua verso Waidbruck, con i villaggi di Villanders e Barbian sul pendio a destra.<\/p><p>La valle diventa pi\u00f9 stretta: da Kollmann si pedala lungo l'ex linea ferroviaria fino a Kardaun: ponti e soprattutto gallerie rendono la pista ciclabile interessante. A Blumau, lungo la pista ciclabile, inizia il \"viaggio degli occhi\": opere d'arte, installazioni e dipinti ci accompagnano fino a Bolzano. La valle si allarga e ci troviamo in un paesaggio vinicolo. La pista si collega direttamente alla pista ciclabile R4 di Bolzano sulle rive del fiume Isarco e offre un collegamento alla rete di piste ciclabili urbane.<\/p><p>Abbiamo fatto questo tour molte volte, \u00e8 il nostro percorso di allenamento in handbike. Se ci sono domande sulla pista ciclabile, sempre qui con esso.<\/p>\t\t\t\t\t\t<\/div>\n\t\t\t\t<\/div>\n\t\t\t\t\t<\/div>\n\t\t<\/div>\n\t\t\t\t\t\t\t<\/div>\n\t\t<\/section>\n\t\t\t\t<section class=\"has_eae_slider elementor-section elementor-top-section elementor-element elementor-element-7e56884 elementor-section-boxed elementor-section-height-default elementor-section-height-default\" data-eae-slider=\"33619\" data-id=\"7e56884\" data-element_type=\"section\">\n\t\t\t\t\t\t<div class=\"elementor-container elementor-column-gap-default\">\n\t\t\t\t\t<div class=\"has_eae_slider elementor-column elementor-col-66 elementor-top-column elementor-element elementor-element-81ae8da\" data-eae-slider=\"18547\" data-id=\"81ae8da\" data-element_type=\"column\">\n\t\t\t<div class=\"elementor-widget-wrap elementor-element-populated\">\n\t\t\t\t\t\t\t\t<div class=\"elementor-element elementor-element-b961714 elementor-widget elementor-widget-heading\" data-id=\"b961714\" data-element_type=\"widget\" data-widget_type=\"heading.default\">\n\t\t\t\t<div class=\"elementor-widget-container\">\n\t\t\t<h4 class=\"elementor-heading-title elementor-size-default\">La montagna di pepe<\/h4>\t\t<\/div>\n\t\t\t\t<\/div>\n\t\t\t\t<div class=\"elementor-element elementor-element-71057d3 elementor-widget elementor-widget-text-editor\" data-id=\"71057d3\" data-element_type=\"widget\" data-widget_type=\"text-editor.default\">\n\t\t\t\t<div class=\"elementor-widget-container\">\n\t\t\t\t\t\t\t<p>I pendii sul lato ovest della conca di Bressanone nella Valle Isarco in Alto Adige sono conosciuti come Pfeffersberg. Queste scendono dall'Hundskopf nelle Alpi Sarentine fino alla Valle Isarco.<br \/>I villaggi di Tils, Gereuth, Pairdorf, Pinzagen, T\u00f6tschling, Tsch\u00f6tsch, Untereben e Mahr si annidano sui suoi pendii. Coloro che passano le loro vacanze qui beneficiano del clima mite di bassa montagna della Valle d'Isarco.<br \/><span style=\"font-size: 16px; color: var( --e-global-color-text ); font-family: var( --e-global-typography-text-font-family ), amethystia;\">I dintorni del Pfeffersberg offrono numerose opportunit\u00e0 per ricaricare le batterie nel verde. Vale la pena fare una deviazione alla romantica chiesa di Cyrill a Pinzagen.<br \/><\/span><span style=\"color: var( --e-global-color-text ); font-family: var( --e-global-typography-text-font-family ), amethystia; font-size: 16px;\">In autunno, tra l'altro, una tipica serata Eisacktaler T\u00f6rggele non dovrebbe mancare qui - Buschensch\u00e4nke come il Villscheiderhof o il Plonerhof viziano i palati di ogni visitatore.<br \/><\/span><span style=\"color: var( --e-global-color-text ); font-family: var( --e-global-typography-text-font-family ), amethystia; font-size: 16px;\">La Musikkapelle Peter Mayr Pfeffersberg, che vanta una lunga tradizione, \u00e8 una delle bande musicali pi\u00f9 importanti dell'Alto Adige. Forse verrete a godervi una delizia musicale.<br \/><\/span><span style=\"color: var( --e-global-color-text ); font-family: var( --e-global-typography-text-font-family ), amethystia; font-size: 16px;\">Il percorso delle 7 chiese dovrebbe essere bellissimo. Dato che non l'abbiamo ancora provato noi stessi, purtroppo non possiamo dire nulla sull'accessibilit\u00e0. Anche qui l'offerta: Chiunque voglia, pu\u00f2 condividere le sue esperienze con noi.<\/span><\/p>\t\t\t\t\t\t<\/div>\n\t\t\t\t<\/div>\n\t\t\t\t\t<\/div>\n\t\t<\/div>\n\t\t\t\t<div class=\"has_eae_slider elementor-column elementor-col-33 elementor-top-column elementor-element elementor-element-cb91eb0\" data-eae-slider=\"7864\" data-id=\"cb91eb0\" data-element_type=\"column\">\n\t\t\t<div class=\"elementor-widget-wrap elementor-element-populated\">\n\t\t\t\t\t\t\t\t<div class=\"elementor-element elementor-element-5b84791 elementor-widget elementor-widget-gallery\" data-id=\"5b84791\" data-element_type=\"widget\" data-settings=\"{&quot;columns&quot;:1,&quot;overlay_title&quot;:&quot;title&quot;,&quot;overlay_description&quot;:&quot;description&quot;,&quot;lazyload&quot;:&quot;yes&quot;,&quot;gallery_layout&quot;:&quot;grid&quot;,&quot;columns_tablet&quot;:2,&quot;columns_mobile&quot;:1,&quot;gap&quot;:{&quot;unit&quot;:&quot;px&quot;,&quot;size&quot;:10,&quot;sizes&quot;:[]},&quot;gap_tablet&quot;:{&quot;unit&quot;:&quot;px&quot;,&quot;size&quot;:10,&quot;sizes&quot;:[]},&quot;gap_mobile&quot;:{&quot;unit&quot;:&quot;px&quot;,&quot;size&quot;:10,&quot;sizes&quot;:[]},&quot;link_to&quot;:&quot;file&quot;,&quot;aspect_ratio&quot;:&quot;3:2&quot;,&quot;overlay_background&quot;:&quot;yes&quot;,&quot;content_hover_animation&quot;:&quot;fade-in&quot;}\" data-widget_type=\"gallery.default\">\n\t\t\t\t<div class=\"elementor-widget-container\">\n\t\t\t\t\t<div class=\"elementor-gallery__container\">\n\t\t\t\t\t\t\t<a class=\"e-gallery-item elementor-gallery-item elementor-animated-content\" href=\"https:\/\/wheelchair-tours.org\/wp-content\/uploads\/2020\/12\/Wheelchair_tours_Rollstuhl_Wandern_Blog_Brixen_Blick_auf_Brixen_Pfeffersberg_wikipedia_Oliver_Abels.jpg\" data-elementor-open-lightbox=\"yes\" data-elementor-lightbox-slideshow=\"all-5b84791\" data-elementor-lightbox-title=\"Blick auf Brixen vom Pfeffersberg\" data-elementor-lightbox-description=\"\u00a9 Oliver Abels \/ Wikipedia\" data-e-action-hash=\"#elementor-action%3Aaction%3Dlightbox%26settings%3DeyJpZCI6NTk5NSwidXJsIjoiaHR0cHM6XC9cL3doZWVsY2hhaXItdG91cnMub3JnXC93cC1jb250ZW50XC91cGxvYWRzXC8yMDIwXC8xMlwvV2hlZWxjaGFpcl90b3Vyc19Sb2xsc3R1aGxfV2FuZGVybl9CbG9nX0JyaXhlbl9CbGlja19hdWZfQnJpeGVuX1BmZWZmZXJzYmVyZ193aWtpcGVkaWFfT2xpdmVyX0FiZWxzLmpwZyIsInNsaWRlc2hvdyI6ImFsbC01Yjg0NzkxIn0%3D\">\n\t\t\t\t\t<div class=\"e-gallery-image elementor-gallery-item__image\" data-thumbnail=\"https:\/\/wheelchair-tours.org\/wp-content\/uploads\/2020\/12\/Wheelchair_tours_Rollstuhl_Wandern_Blog_Brixen_Blick_auf_Brixen_Pfeffersberg_wikipedia_Oliver_Abels.jpg\" data-width=\"640\" data-height=\"400\" alt=\"Blick auf Brixen vom Pfeffersberg\" ><\/div>\n\t\t\t\t\t\t\t\t\t\t\t<div class=\"elementor-gallery-item__overlay\"><\/div>\n\t\t\t\t\t\t\t\t\t\t\t\t\t\t\t<div class=\"elementor-gallery-item__content\">\n\t\t\t\t\t\t\t\t\t\t\t\t\t\t<div class=\"elementor-gallery-item__title\">\n\t\t\t\t\t\t\t\t\t\t\t\t\t\t\t\t\t\tVista di Bressanone dalla montagna Pfeffersberg\t\t\t\t\t\t\t\t<\/div>\n\t\t\t\t\t\t\t\t\t\t\t\t\t\t\t<div class=\"elementor-gallery-item__description\">\n\t\t\t\t\t\t\t\t\t\t\t\t\t\t\t\t\t\t\u00a9 Oliver Abels \/ Wikipedia\t\t\t\t\t\t\t\t<\/div>\n\t\t\t\t\t\t\t\t\t\t\t\t<\/div>\n\t\t\t\t\t\t\t\t\t<\/a>\n\t\t\t\t\t<\/div>\n\t\t\t<\/div>\n\t\t\t\t<\/div>\n\t\t\t\t\t<\/div>\n\t\t<\/div>\n\t\t\t\t\t\t\t<\/div>\n\t\t<\/section>\n\t\t\t\t<section class=\"has_eae_slider elementor-section elementor-top-section elementor-element elementor-element-6f223ff0 elementor-section-boxed elementor-section-height-default elementor-section-height-default\" data-eae-slider=\"84048\" data-id=\"6f223ff0\" data-element_type=\"section\">\n\t\t\t\t\t\t<div class=\"elementor-container elementor-column-gap-default\">\n\t\t\t\t\t<div class=\"has_eae_slider elementor-column elementor-col-100 elementor-top-column elementor-element elementor-element-6af1f999\" data-eae-slider=\"43679\" data-id=\"6af1f999\" data-element_type=\"column\">\n\t\t\t<div class=\"elementor-widget-wrap elementor-element-populated\">\n\t\t\t\t\t\t\t\t<div class=\"elementor-element elementor-element-697f968a elementor-widget elementor-widget-heading\" data-id=\"697f968a\" data-element_type=\"widget\" data-widget_type=\"heading.default\">\n\t\t\t\t<div class=\"elementor-widget-container\">\n\t\t\t<h2 class=\"elementor-heading-title elementor-size-default\">Outlook<\/h2>\t\t<\/div>\n\t\t\t\t<\/div>\n\t\t\t\t<div class=\"elementor-element elementor-element-7dc580ba elementor-widget-divider--view-line elementor-widget elementor-widget-divider\" data-id=\"7dc580ba\" data-element_type=\"widget\" data-widget_type=\"divider.default\">\n\t\t\t\t<div class=\"elementor-widget-container\">\n\t\t\t\t\t<div class=\"elementor-divider\">\n\t\t\t<span class=\"elementor-divider-separator\">\n\t\t\t\t\t\t<\/span>\n\t\t<\/div>\n\t\t\t\t<\/div>\n\t\t\t\t<\/div>\n\t\t\t\t<div class=\"elementor-element elementor-element-9867796 elementor-widget elementor-widget-heading\" data-id=\"9867796\" data-element_type=\"widget\" data-widget_type=\"heading.default\">\n\t\t\t\t<div class=\"elementor-widget-container\">\n\t\t\t<h5 class=\"elementor-heading-title elementor-size-default\">Le citt\u00e0 dell'Alto Adige<\/h5>\t\t<\/div>\n\t\t\t\t<\/div>\n\t\t\t\t\t<\/div>\n\t\t<\/div>\n\t\t\t\t\t\t\t<\/div>\n\t\t<\/section>\n\t\t\t\t<section class=\"has_eae_slider elementor-section elementor-top-section elementor-element elementor-element-234794e4 elementor-section-boxed elementor-section-height-default elementor-section-height-default\" data-eae-slider=\"61341\" data-id=\"234794e4\" data-element_type=\"section\">\n\t\t\t\t\t\t<div class=\"elementor-container elementor-column-gap-default\">\n\t\t\t\t\t<div class=\"has_eae_slider elementor-column elementor-col-16 elementor-top-column elementor-element elementor-element-59899813\" data-eae-slider=\"51683\" data-id=\"59899813\" data-element_type=\"column\">\n\t\t\t<div class=\"elementor-widget-wrap\">\n\t\t\t\t\t\t\t\t\t<\/div>\n\t\t<\/div>\n\t\t\t\t<div class=\"has_eae_slider elementor-column elementor-col-66 elementor-top-column elementor-element elementor-element-7de77635\" data-eae-slider=\"65244\" data-id=\"7de77635\" data-element_type=\"column\">\n\t\t\t<div class=\"elementor-widget-wrap elementor-element-populated\">\n\t\t\t\t\t\t\t\t<div class=\"elementor-element elementor-element-701a4085 elementor-widget elementor-widget-text-editor\" data-id=\"701a4085\" data-element_type=\"widget\" data-widget_type=\"text-editor.default\">\n\t\t\t\t<div class=\"elementor-widget-container\">\n\t\t\t\t\t\t\t<p>La prossima citt\u00e0 che vediamo da vicino \u00e8 Brunico in Val Pusteria.<\/p>\t\t\t\t\t\t<\/div>\n\t\t\t\t<\/div>\n\t\t\t\t<div class=\"elementor-element elementor-element-c9ae513 elementor-widget elementor-widget-heading\" data-id=\"c9ae513\" data-element_type=\"widget\" data-widget_type=\"heading.default\">\n\t\t\t\t<div class=\"elementor-widget-container\">\n\t\t\t<h5 class=\"elementor-heading-title elementor-size-default\">Restate sintonizzati!<\/h5>\t\t<\/div>\n\t\t\t\t<\/div>\n\t\t\t\t\t<\/div>\n\t\t<\/div>\n\t\t\t\t<div class=\"has_eae_slider elementor-column elementor-col-16 elementor-top-column elementor-element elementor-element-3964ed09\" data-eae-slider=\"64096\" data-id=\"3964ed09\" data-element_type=\"column\">\n\t\t\t<div class=\"elementor-widget-wrap\">\n\t\t\t\t\t\t\t\t\t<\/div>\n\t\t<\/div>\n\t\t\t\t\t\t\t<\/div>\n\t\t<\/section>\n\t\t\t\t\t\t\t<\/div>","protected":false},"excerpt":{"rendered":"<p>Il comune di Bressanone in Valle Isarco Viaggiare senza barriere a Bressanone Quando le persone in Alto Adige parlano di Bressanone, possono intendere sia la citt\u00e0 stessa che il comune. Il comune di Bressanone si trova letteralmente nel cuore dell'Alto Adige - immerso in un'ampia conca della Valle Isarco. Il comune comprende accanto a ...<\/p>\n<p class=\"read-more\"> <a class=\"\" href=\"https:\/\/wheelchair-tours.org\/it\/2020\/12\/21\/brixen-barrierefrei-die-bischofsstadt-im-eisacktal\/\"> <span class=\"screen-reader-text\">Bressanone - con la sedia a rotelle attraverso la citt\u00e0 vescovile<\/span> Leggi altro &raquo;<\/a><\/p>","protected":false},"author":1,"featured_media":5946,"comment_status":"open","ping_status":"open","sticky":false,"template":"","format":"standard","meta":{"_uag_custom_page_level_css":"","site-sidebar-layout":"default","site-content-layout":"default","ast-site-content-layout":"","site-content-style":"default","site-sidebar-style":"default","ast-global-header-display":"","ast-banner-title-visibility":"","ast-main-header-display":"","ast-hfb-above-header-display":"","ast-hfb-below-header-display":"","ast-hfb-mobile-header-display":"","site-post-title":"","ast-breadcrumbs-content":"","ast-featured-img":"","footer-sml-layout":"","theme-transparent-header-meta":"default","adv-header-id-meta":"","stick-header-meta":"","header-above-stick-meta":"","header-main-stick-meta":"","header-below-stick-meta":"","astra-migrate-meta-layouts":"","footnotes":""},"categories":[447],"tags":[423,427,425,426,428,429,424,306],"class_list":["post-5945","post","type-post","status-publish","format-standard","has-post-thumbnail","hentry","category-die-staedte-suedtirols","tag-brixen","tag-dom","tag-eisacktal","tag-hofburg","tag-museum","tag-sightseeing","tag-stadt","tag-suedtirol"],"uagb_featured_image_src":{"full":["https:\/\/wheelchair-tours.org\/wp-content\/uploads\/2020\/12\/dom-558159_1280-pixelschubser99-pixabay-featured-image.jpg",1024,576,false],"thumbnail":["https:\/\/wheelchair-tours.org\/wp-content\/uploads\/2020\/12\/dom-558159_1280-pixelschubser99-pixabay-featured-image-150x150.jpg",150,150,true],"medium":["https:\/\/wheelchair-tours.org\/wp-content\/uploads\/2020\/12\/dom-558159_1280-pixelschubser99-pixabay-featured-image-300x169.jpg",300,169,true],"medium_large":["https:\/\/wheelchair-tours.org\/wp-content\/uploads\/2020\/12\/dom-558159_1280-pixelschubser99-pixabay-featured-image-768x432.jpg",768,432,true],"large":["https:\/\/wheelchair-tours.org\/wp-content\/uploads\/2020\/12\/dom-558159_1280-pixelschubser99-pixabay-featured-image.jpg",1024,576,false],"1536x1536":["https:\/\/wheelchair-tours.org\/wp-content\/uploads\/2020\/12\/dom-558159_1280-pixelschubser99-pixabay-featured-image.jpg",1024,576,false],"2048x2048":["https:\/\/wheelchair-tours.org\/wp-content\/uploads\/2020\/12\/dom-558159_1280-pixelschubser99-pixabay-featured-image.jpg",1024,576,false],"trp-custom-language-flag":["https:\/\/wheelchair-tours.org\/wp-content\/uploads\/2020\/12\/dom-558159_1280-pixelschubser99-pixabay-featured-image.jpg",18,10,false]},"uagb_author_info":{"display_name":"Sabrina","author_link":"https:\/\/wheelchair-tours.org\/it\/author\/sabrina\/"},"uagb_comment_info":6,"uagb_excerpt":"Die Stadtgemeinde Brixen im Eisacktal Barrierefrei unterwegs in Brixen Wenn in S\u00fcdtirol von Brixen (italienisch Bressanone) gesprochen wird, dann kann sowohl die Stadt selbst als auch die Gemeinde gemeint sein. Die Stadtgemeinde Brixen liegt im wahrsten Sinne des Wortes im Herzen von S\u00fcdtirol \u2013 eingebettet in eine weite Talmulde des Eisacktals. Die Gemeinde umfasst neben&hellip;","_links":{"self":[{"href":"https:\/\/wheelchair-tours.org\/it\/wp-json\/wp\/v2\/posts\/5945","targetHints":{"allow":["GET"]}}],"collection":[{"href":"https:\/\/wheelchair-tours.org\/it\/wp-json\/wp\/v2\/posts"}],"about":[{"href":"https:\/\/wheelchair-tours.org\/it\/wp-json\/wp\/v2\/types\/post"}],"author":[{"embeddable":true,"href":"https:\/\/wheelchair-tours.org\/it\/wp-json\/wp\/v2\/users\/1"}],"replies":[{"embeddable":true,"href":"https:\/\/wheelchair-tours.org\/it\/wp-json\/wp\/v2\/comments?post=5945"}],"version-history":[{"count":63,"href":"https:\/\/wheelchair-tours.org\/it\/wp-json\/wp\/v2\/posts\/5945\/revisions"}],"predecessor-version":[{"id":6064,"href":"https:\/\/wheelchair-tours.org\/it\/wp-json\/wp\/v2\/posts\/5945\/revisions\/6064"}],"wp:featuredmedia":[{"embeddable":true,"href":"https:\/\/wheelchair-tours.org\/it\/wp-json\/wp\/v2\/media\/5946"}],"wp:attachment":[{"href":"https:\/\/wheelchair-tours.org\/it\/wp-json\/wp\/v2\/media?parent=5945"}],"wp:term":[{"taxonomy":"category","embeddable":true,"href":"https:\/\/wheelchair-tours.org\/it\/wp-json\/wp\/v2\/categories?post=5945"},{"taxonomy":"post_tag","embeddable":true,"href":"https:\/\/wheelchair-tours.org\/it\/wp-json\/wp\/v2\/tags?post=5945"}],"curies":[{"name":"wp","href":"https:\/\/api.w.org\/{rel}","templated":true}]}}