{"id":5449,"date":"2020-09-28T21:00:00","date_gmt":"2020-09-28T19:00:00","guid":{"rendered":"https:\/\/wheelchair-tours.org\/?p=5449"},"modified":"2021-08-01T17:49:07","modified_gmt":"2021-08-01T15:49:07","slug":"venedig-barrierefrei-durch-cannaregio","status":"publish","type":"post","link":"https:\/\/wheelchair-tours.org\/it\/2020\/09\/28\/venedig-barrierefrei-durch-cannaregio\/","title":{"rendered":"Venezia - senza barriere attraverso Cannaregio"},"content":{"rendered":"<div data-elementor-type=\"wp-post\" data-elementor-id=\"5449\" class=\"elementor elementor-5449\">\n\t\t\t\t\t\t\t\t\t<section class=\"has_eae_slider elementor-section elementor-top-section elementor-element elementor-element-5a3071c elementor-section-boxed elementor-section-height-default elementor-section-height-default\" data-eae-slider=\"24183\" data-id=\"5a3071c\" data-element_type=\"section\">\n\t\t\t\t\t\t<div class=\"elementor-container elementor-column-gap-default\">\n\t\t\t\t\t<div class=\"has_eae_slider elementor-column elementor-col-100 elementor-top-column elementor-element elementor-element-53e838c\" data-eae-slider=\"47105\" data-id=\"53e838c\" data-element_type=\"column\">\n\t\t\t<div class=\"elementor-widget-wrap elementor-element-populated\">\n\t\t\t\t\t\t\t\t<div class=\"elementor-element elementor-element-522318b elementor-widget elementor-widget-heading\" data-id=\"522318b\" data-element_type=\"widget\" data-widget_type=\"heading.default\">\n\t\t\t\t<div class=\"elementor-widget-container\">\n\t\t\t<h2 class=\"elementor-heading-title elementor-size-default\">La nostra Venezia<\/h2>\t\t<\/div>\n\t\t\t\t<\/div>\n\t\t\t\t<div class=\"elementor-element elementor-element-816b610 elementor-widget-divider--view-line elementor-widget elementor-widget-divider\" data-id=\"816b610\" data-element_type=\"widget\" data-widget_type=\"divider.default\">\n\t\t\t\t<div class=\"elementor-widget-container\">\n\t\t\t\t\t<div class=\"elementor-divider\">\n\t\t\t<span class=\"elementor-divider-separator\">\n\t\t\t\t\t\t<\/span>\n\t\t<\/div>\n\t\t\t\t<\/div>\n\t\t\t\t<\/div>\n\t\t\t\t<div class=\"elementor-element elementor-element-e45ba46 elementor-widget elementor-widget-heading\" data-id=\"e45ba46\" data-element_type=\"widget\" data-widget_type=\"heading.default\">\n\t\t\t\t<div class=\"elementor-widget-container\">\n\t\t\t<h5 class=\"elementor-heading-title elementor-size-default\">Stadtteil Cannaregio<\/h5>\t\t<\/div>\n\t\t\t\t<\/div>\n\t\t\t\t\t<\/div>\n\t\t<\/div>\n\t\t\t\t\t\t\t<\/div>\n\t\t<\/section>\n\t\t\t\t<section class=\"has_eae_slider elementor-section elementor-top-section elementor-element elementor-element-12fae00 elementor-section-boxed elementor-section-height-default elementor-section-height-default\" data-eae-slider=\"47743\" data-id=\"12fae00\" data-element_type=\"section\">\n\t\t\t\t\t\t<div class=\"elementor-container elementor-column-gap-default\">\n\t\t\t\t\t<div class=\"has_eae_slider elementor-column elementor-col-100 elementor-top-column elementor-element elementor-element-d6f34aa\" data-eae-slider=\"4528\" data-id=\"d6f34aa\" data-element_type=\"column\">\n\t\t\t<div class=\"elementor-widget-wrap elementor-element-populated\">\n\t\t\t\t\t\t\t\t<section class=\"has_eae_slider elementor-section elementor-inner-section elementor-element elementor-element-c254e0f elementor-section-boxed elementor-section-height-default elementor-section-height-default\" data-eae-slider=\"82043\" data-id=\"c254e0f\" data-element_type=\"section\">\n\t\t\t\t\t\t<div class=\"elementor-container elementor-column-gap-default\">\n\t\t\t\t\t<div class=\"has_eae_slider elementor-column elementor-col-33 elementor-inner-column elementor-element elementor-element-88c369c\" data-eae-slider=\"11489\" data-id=\"88c369c\" data-element_type=\"column\">\n\t\t\t<div class=\"elementor-widget-wrap\">\n\t\t\t\t\t\t\t\t\t<\/div>\n\t\t<\/div>\n\t\t\t\t<div class=\"has_eae_slider elementor-column elementor-col-33 elementor-inner-column elementor-element elementor-element-22b3453\" data-eae-slider=\"62199\" data-id=\"22b3453\" data-element_type=\"column\">\n\t\t\t<div class=\"elementor-widget-wrap elementor-element-populated\">\n\t\t\t\t\t\t\t\t<div class=\"elementor-element elementor-element-c4172a0 elementor-widget elementor-widget-text-editor\" data-id=\"c4172a0\" data-element_type=\"widget\" data-widget_type=\"text-editor.default\">\n\t\t\t\t<div class=\"elementor-widget-container\">\n\t\t\t\t\t\t\t<p>In diesem Artikel besch\u00e4ftigen wir uns mit dem Stadtteil Cannaregio, welcher wie alle Stadtteile in Venedig \u00a0aus mehreren Inseln besteht. Daher haben wir diesen Teil in 2 Teile aufgeteilt. Das liegt vor allem daran, dass man zwischendurch mit einem Vaporetto vom Westteil von Cannaregio in den Ostteil von Cannaregio \u00fcbersetzen muss.<\/p><p style=\"text-align: center;\">Das erwartet dich:<\/p>\t\t\t\t\t\t<\/div>\n\t\t\t\t<\/div>\n\t\t\t\t\t<\/div>\n\t\t<\/div>\n\t\t\t\t<div class=\"has_eae_slider elementor-column elementor-col-33 elementor-inner-column elementor-element elementor-element-081fd13\" data-eae-slider=\"11176\" data-id=\"081fd13\" data-element_type=\"column\">\n\t\t\t<div class=\"elementor-widget-wrap\">\n\t\t\t\t\t\t\t\t\t<\/div>\n\t\t<\/div>\n\t\t\t\t\t\t\t<\/div>\n\t\t<\/section>\n\t\t\t\t<div class=\"elementor-element elementor-element-79a9fad elementor-align-center elementor-icon-list--layout-traditional elementor-list-item-link-full_width elementor-widget elementor-widget-icon-list\" data-id=\"79a9fad\" data-element_type=\"widget\" data-widget_type=\"icon-list.default\">\n\t\t\t\t<div class=\"elementor-widget-container\">\n\t\t\t\t\t<ul class=\"elementor-icon-list-items\">\n\t\t\t\t\t\t\t<li class=\"elementor-icon-list-item\">\n\t\t\t\t\t\t\t\t\t\t\t<a href=\"#Rialto\">\n\n\t\t\t\t\t\t\t\t\t\t\t\t<span class=\"elementor-icon-list-icon\">\n\t\t\t\t\t\t\t<i aria-hidden=\"true\" class=\"far fa-check-circle\"><\/i>\t\t\t\t\t\t<\/span>\n\t\t\t\t\t\t\t\t\t\t<span class=\"elementor-icon-list-text\"><b>Stadtteil Cannaregio West<\/b><\/span>\n\t\t\t\t\t\t\t\t\t\t\t<\/a>\n\t\t\t\t\t\t\t\t\t<\/li>\n\t\t\t\t\t\t\t\t<li class=\"elementor-icon-list-item\">\n\t\t\t\t\t\t\t\t\t\t\t<span class=\"elementor-icon-list-icon\">\n\t\t\t\t\t\t\t<i aria-hidden=\"true\" class=\"far fa-check-circle\"><\/i>\t\t\t\t\t\t<\/span>\n\t\t\t\t\t\t\t\t\t\t<span class=\"elementor-icon-list-text\"><b>Palazzo C\u00e0 d'Oro & Umgebung<\/b> <\/span>\n\t\t\t\t\t\t\t\t\t<\/li>\n\t\t\t\t\t\t<\/ul>\n\t\t\t\t<\/div>\n\t\t\t\t<\/div>\n\t\t\t\t\t<\/div>\n\t\t<\/div>\n\t\t\t\t\t\t\t<\/div>\n\t\t<\/section>\n\t\t\t\t<section class=\"has_eae_slider elementor-section elementor-top-section elementor-element elementor-element-0546e1f elementor-section-boxed elementor-section-height-default elementor-section-height-default\" data-eae-slider=\"60129\" data-id=\"0546e1f\" data-element_type=\"section\">\n\t\t\t\t\t\t<div class=\"elementor-container elementor-column-gap-default\">\n\t\t\t\t\t<div class=\"has_eae_slider elementor-column elementor-col-100 elementor-top-column elementor-element elementor-element-fdfd815\" data-eae-slider=\"68498\" data-id=\"fdfd815\" data-element_type=\"column\">\n\t\t\t<div class=\"elementor-widget-wrap elementor-element-populated\">\n\t\t\t\t\t\t\t\t<div class=\"elementor-element elementor-element-582f874 elementor-widget elementor-widget-heading\" data-id=\"582f874\" data-element_type=\"widget\" data-widget_type=\"heading.default\">\n\t\t\t\t<div class=\"elementor-widget-container\">\n\t\t\t<h2 class=\"elementor-heading-title elementor-size-default\">Der Stadtteil Cannaregio<\/h2>\t\t<\/div>\n\t\t\t\t<\/div>\n\t\t\t\t<div class=\"elementor-element elementor-element-18b5597 elementor-widget-divider--view-line elementor-widget elementor-widget-divider\" data-id=\"18b5597\" data-element_type=\"widget\" data-widget_type=\"divider.default\">\n\t\t\t\t<div class=\"elementor-widget-container\">\n\t\t\t\t\t<div class=\"elementor-divider\">\n\t\t\t<span class=\"elementor-divider-separator\">\n\t\t\t\t\t\t<\/span>\n\t\t<\/div>\n\t\t\t\t<\/div>\n\t\t\t\t<\/div>\n\t\t\t\t\t<\/div>\n\t\t<\/div>\n\t\t\t\t\t\t\t<\/div>\n\t\t<\/section>\n\t\t\t\t<section class=\"has_eae_slider elementor-section elementor-top-section elementor-element elementor-element-3a2aae3 elementor-section-boxed elementor-section-height-default elementor-section-height-default\" data-eae-slider=\"80683\" data-id=\"3a2aae3\" data-element_type=\"section\">\n\t\t\t\t\t\t<div class=\"elementor-container elementor-column-gap-default\">\n\t\t\t\t\t<div class=\"has_eae_slider elementor-column elementor-col-100 elementor-top-column elementor-element elementor-element-dfdefa3\" data-eae-slider=\"84415\" data-id=\"dfdefa3\" data-element_type=\"column\">\n\t\t\t<div class=\"elementor-widget-wrap elementor-element-populated\">\n\t\t\t\t\t\t\t\t<div class=\"elementor-element elementor-element-a28656d elementor-widget elementor-widget-text-editor\" data-id=\"a28656d\" data-element_type=\"widget\" data-widget_type=\"text-editor.default\">\n\t\t\t\t<div class=\"elementor-widget-container\">\n\t\t\t\t\t\t\t<p>Cannaregio ist einer der sechs <b>Sestiere von Venedig<\/b> \u2013 also der Stadtteile des historischen Zentrums von Venedig. Mit 13.169 Einwohnern (Stand 2007) ist Cannaregio zudem der am dichtesten besiedelte Stadtteil der sechs Sestiere.<\/p><p>Cannaregio liegt im Nordwesten von Venedig und ist fl\u00e4chenma\u00dfig nach dem Stadtteil Castello der <b>zweitgr\u00f6\u00dfte Stadtteil.<\/b> Der Name Cannaregio leitet sich angeblich vom Zustand des Stadtteils vor der Besiedlung ab. Damals handelte es sich noch um ein <b>versumpftes Gebiet<\/b>, in dem unter anderem Schilfrohr (italienisch: canna f\u00fcr Schilf) wuchs.<\/p><p>In Cannaregio beginnt der Canale Grande, oder auch von den Venezianer liebevoll &#8222;Canalazzo&#8220; genannt, der sich in Form eines umgekehrten S in Richtung des Stadteils San Marco windet.<\/p>\t\t\t\t\t\t<\/div>\n\t\t\t\t<\/div>\n\t\t\t\t<div class=\"elementor-element elementor-element-99efa52 elementor-widget elementor-widget-heading\" data-id=\"99efa52\" data-element_type=\"widget\" data-widget_type=\"heading.default\">\n\t\t\t\t<div class=\"elementor-widget-container\">\n\t\t\t<h5 class=\"elementor-heading-title elementor-size-default\">Entwicklung & Sehensw\u00fcrdigkeiten<\/h5>\t\t<\/div>\n\t\t\t\t<\/div>\n\t\t\t\t<div class=\"elementor-element elementor-element-aa12495 elementor-widget elementor-widget-text-editor\" data-id=\"aa12495\" data-element_type=\"widget\" data-widget_type=\"text-editor.default\">\n\t\t\t\t<div class=\"elementor-widget-container\">\n\t\t\t\t\t\t\t<p>In Cannaregio wohnen \u00fcberwiegend Arbeiter und Angestellte und es sind viele kleine Gewerbebetriebe angesiedelt. Die Schlagader des Bezirks ist die Trasse der\u00a0<b>Strada Nova<\/b>, die sich von der\u00a0<b>Ponte delle Guglie<\/b>\u00a0bis zum\u00a0<b>Campo Santi Apostoli<\/b>\u00a0hinzieht. Von der Strada Nova in Richtung Bahnhof kommt man in die\u00a0<b>Rio terr\u00e0 Lista di Spagna<\/b>. In dieser Stra\u00dfe finden sich entlang der Hausfassaden in den Stra\u00dfenbelag eingelassene wei\u00dfe\u00a0<b>Marmorstreifen<\/b>. Der Begriff \u201eRio terr\u00e0\u201c leitet sich vom Umstand ab, dass diese Stra\u00dfen urspr\u00fcnglich Kan\u00e4le waren, die man zugesch\u00fcttet (interrare: zusch\u00fctten) und dadurch begehbare Wege geschaffen hat.<\/p><p>In Cannaregio findet man mehrere bedeutende Br\u00fccken. Die\u00a0<b>Ponte degli Scalzi<\/b>\u00a0\u00fcberspannt in Bahnhofsn\u00e4he den Canal Grande, der Cannaregio-Kanal wird von der\u00a0<b>Ponte delle Guglie<\/b>\u00a0und der\u00a0<b>Ponte di Tre Archi<\/b>\u00a0(Andrea Tirali) \u00fcberquert. Mit der Ponte della Costituzione wurde 2008 die vierte Br\u00fccke \u00fcber den Canal Grande fertiggestellt. Sie verbindet Cannaregio mit dem Stadtteil Santa Croce vom Bereich Fondamenta S. Lucia hinter dem Piazzale Roma.<\/p>\t\t\t\t\t\t<\/div>\n\t\t\t\t<\/div>\n\t\t\t\t\t<\/div>\n\t\t<\/div>\n\t\t\t\t\t\t\t<\/div>\n\t\t<\/section>\n\t\t\t\t<section class=\"has_eae_slider elementor-section elementor-top-section elementor-element elementor-element-2f50201 elementor-section-boxed elementor-section-height-default elementor-section-height-default\" data-eae-slider=\"36306\" data-id=\"2f50201\" data-element_type=\"section\">\n\t\t\t\t\t\t<div class=\"elementor-container elementor-column-gap-default\">\n\t\t\t\t\t<div class=\"has_eae_slider elementor-column elementor-col-50 elementor-top-column elementor-element elementor-element-7e2e8e5\" data-eae-slider=\"59441\" data-id=\"7e2e8e5\" data-element_type=\"column\">\n\t\t\t<div class=\"elementor-widget-wrap elementor-element-populated\">\n\t\t\t\t\t\t\t\t<div class=\"elementor-element elementor-element-904e3f3 elementor-widget elementor-widget-google_maps\" data-id=\"904e3f3\" data-element_type=\"widget\" data-widget_type=\"google_maps.default\">\n\t\t\t\t<div class=\"elementor-widget-container\">\n\t\t\t\t\t<div class=\"elementor-custom-embed\">\n\t\t\t<div class=\"BorlabsCookie _brlbs-cb-googlemaps\"><div class=\"_brlbs-content-blocker\"> <div class=\"_brlbs-embed _brlbs-google-maps\"> <img decoding=\"async\" class=\"_brlbs-thumbnail\" src=\"https:\/\/wheelchair-tours.org\/wp-content\/plugins\/borlabs-cookie\/assets\/images\/cb-maps.png\" alt=\"Google Maps\"> <div class=\"_brlbs-caption\"> <p>Caricando la mappa, accetti l'informativa sulla privacy di Google.<br><a href=\"https:\/\/policies.google.com\/privacy\" target=\"_blank\" rel=\"nofollow noopener noreferrer\">Per saperne di pi\u00f9<\/a><\/p> <p><a class=\"_brlbs-btn\" href=\"#\" data-borlabs-cookie-unblock role=\"button\">Carica la mappa<\/a><\/p> <p><label><input type=\"checkbox\" name=\"unblockAll\" value=\"1\" checked> <small>Sblocca sempre Google Maps<\/small><\/label><\/p> <\/div> <\/div> <\/div><div class=\"borlabs-hide\" data-borlabs-cookie-type=\"content-blocker\" data-borlabs-cookie-id=\"googlemaps\"><script type=\"text\/template\">PGlmcmFtZSBsb2FkaW5nPSJsYXp5IgoJCQkJCXNyYz0iaHR0cHM6Ly9tYXBzLmdvb2dsZS5jb20vbWFwcz9xPXZlbmljZSYjMDM4O3Q9bSYjMDM4O3o9MTQmIzAzODtvdXRwdXQ9ZW1iZWQmIzAzODtpd2xvYz1uZWFyIgoJCQkJCXRpdGxlPSJ2ZW5pY2UiCgkJCQkJYXJpYS1sYWJlbD0idmVuaWNlIgoJCQk+PC9pZnJhbWU+<\/script><\/div><\/div>\n\t\t<\/div>\n\t\t\t\t<\/div>\n\t\t\t\t<\/div>\n\t\t\t\t\t<\/div>\n\t\t<\/div>\n\t\t\t\t<div class=\"has_eae_slider elementor-column elementor-col-50 elementor-top-column elementor-element elementor-element-48c55e2\" data-eae-slider=\"96609\" data-id=\"48c55e2\" data-element_type=\"column\">\n\t\t\t<div class=\"elementor-widget-wrap elementor-element-populated\">\n\t\t\t\t\t\t\t\t<div class=\"elementor-element elementor-element-aad51ff elementor-widget elementor-widget-image\" data-id=\"aad51ff\" data-element_type=\"widget\" data-widget_type=\"image.default\">\n\t\t\t\t<div class=\"elementor-widget-container\">\n\t\t\t\t\t\t\t\t\t\t\t\t\t\t\t<img loading=\"lazy\" decoding=\"async\" width=\"640\" height=\"456\" src=\"https:\/\/wheelchair-tours.org\/wp-content\/uploads\/2020\/09\/hotel-venedig-karte-infografik.jpg\" class=\"attachment-large size-large wp-image-5454\" alt=\"Stadtteile (sestiere) Venedig\" srcset=\"https:\/\/wheelchair-tours.org\/wp-content\/uploads\/2020\/09\/hotel-venedig-karte-infografik.jpg 640w, https:\/\/wheelchair-tours.org\/wp-content\/uploads\/2020\/09\/hotel-venedig-karte-infografik-300x214.jpg 300w\" sizes=\"auto, (max-width: 640px) 100vw, 640px\" \/>\t\t\t\t\t\t\t\t\t\t\t\t\t\t\t<\/div>\n\t\t\t\t<\/div>\n\t\t\t\t\t<\/div>\n\t\t<\/div>\n\t\t\t\t\t\t\t<\/div>\n\t\t<\/section>\n\t\t\t\t<section class=\"has_eae_slider elementor-section elementor-top-section elementor-element elementor-element-99081d6 elementor-section-boxed elementor-section-height-default elementor-section-height-default\" data-eae-slider=\"64360\" data-id=\"99081d6\" data-element_type=\"section\">\n\t\t\t\t\t\t<div class=\"elementor-container elementor-column-gap-default\">\n\t\t\t\t\t<div class=\"has_eae_slider elementor-column elementor-col-100 elementor-top-column elementor-element elementor-element-acffb89\" data-eae-slider=\"72592\" data-id=\"acffb89\" data-element_type=\"column\">\n\t\t\t<div class=\"elementor-widget-wrap elementor-element-populated\">\n\t\t\t\t\t\t\t\t<div class=\"elementor-element elementor-element-caa267f elementor-widget elementor-widget-heading\" data-id=\"caa267f\" data-element_type=\"widget\" data-widget_type=\"heading.default\">\n\t\t\t\t<div class=\"elementor-widget-container\">\n\t\t\t<h2 class=\"elementor-heading-title elementor-size-default\">Anfahrt Cannaregio West<\/h2>\t\t<\/div>\n\t\t\t\t<\/div>\n\t\t\t\t<div class=\"elementor-element elementor-element-fe1de53 elementor-widget-divider--view-line elementor-widget elementor-widget-divider\" data-id=\"fe1de53\" data-element_type=\"widget\" data-widget_type=\"divider.default\">\n\t\t\t\t<div class=\"elementor-widget-container\">\n\t\t\t\t\t<div class=\"elementor-divider\">\n\t\t\t<span class=\"elementor-divider-separator\">\n\t\t\t\t\t\t<\/span>\n\t\t<\/div>\n\t\t\t\t<\/div>\n\t\t\t\t<\/div>\n\t\t\t\t<div class=\"elementor-element elementor-element-37f45e0 elementor-widget elementor-widget-heading\" data-id=\"37f45e0\" data-element_type=\"widget\" data-widget_type=\"heading.default\">\n\t\t\t\t<div class=\"elementor-widget-container\">\n\t\t\t<h5 class=\"elementor-heading-title elementor-size-default\">Cannaregio West<\/h5>\t\t<\/div>\n\t\t\t\t<\/div>\n\t\t\t\t\t<\/div>\n\t\t<\/div>\n\t\t\t\t\t\t\t<\/div>\n\t\t<\/section>\n\t\t\t\t<section class=\"has_eae_slider elementor-section elementor-top-section elementor-element elementor-element-a74d7e0 elementor-section-boxed elementor-section-height-default elementor-section-height-default\" data-eae-slider=\"46892\" data-id=\"a74d7e0\" data-element_type=\"section\">\n\t\t\t\t\t\t<div class=\"elementor-container elementor-column-gap-default\">\n\t\t\t\t\t<div class=\"has_eae_slider elementor-column elementor-col-33 elementor-top-column elementor-element elementor-element-9391acc\" data-eae-slider=\"31649\" data-id=\"9391acc\" data-element_type=\"column\">\n\t\t\t<div class=\"elementor-widget-wrap\">\n\t\t\t\t\t\t\t\t\t<\/div>\n\t\t<\/div>\n\t\t\t\t<div class=\"has_eae_slider elementor-column elementor-col-66 elementor-top-column elementor-element elementor-element-b9e88f4\" data-eae-slider=\"58157\" data-id=\"b9e88f4\" data-element_type=\"column\">\n\t\t\t<div class=\"elementor-widget-wrap elementor-element-populated\">\n\t\t\t\t\t\t\t\t<div class=\"elementor-element elementor-element-efa3b1b elementor-widget elementor-widget-text-editor\" data-id=\"efa3b1b\" data-element_type=\"widget\" data-widget_type=\"text-editor.default\">\n\t\t\t\t<div class=\"elementor-widget-container\">\n\t\t\t\t\t\t\t<p>Come spiegato nel nostro primo post, Venezia \u00e8 facile da raggiungere.<\/p><p>I luoghi abituali sono Piazzale Roma e la stazione ferroviaria di Santa Lucia. Da qui si possono prendere i vaporetti verso le diverse parti della citt\u00e0.<\/p><p>Von der Anlegestelle Piazzale Roma k\u00f6nnen die Linien 1 und 2 genutzt werden, um das den Stadtteil Cannaregio zu erreichen. Dabei ist darauf zu achten, auf welcher Seite des Canale Grande man aussteigen m\u00f6chte, da nicht alle Haltestellen von beiden Linien gleicherma\u00dfen angefahren werden.<\/p><p>Wir starten unsere Entdeckungstour in Cannaregio West.<br \/>Daher nehmen wir zun\u00e4chst die Vaporettol Linie 1 oder 2 von der Piazzale Roma bis zur Haltestelle Ferrovia, welche direkt vor dem Bahnhof Santa Lucia liegt.<\/p><p>Startet man vom Parkhaus Tronchetto, dann kommt man mit der Vaporetto Linie 2 bis zur Haltestelle &#8222;Ferrovia&#8220;.<\/p>\t\t\t\t\t\t<\/div>\n\t\t\t\t<\/div>\n\t\t\t\t<div class=\"elementor-element elementor-element-80d381d elementor-widget elementor-widget-button\" data-id=\"80d381d\" data-element_type=\"widget\" data-widget_type=\"button.default\">\n\t\t\t\t<div class=\"elementor-widget-container\">\n\t\t\t\t\t<div class=\"elementor-button-wrapper\">\n\t\t\t<a class=\"elementor-button elementor-button-link elementor-size-md\" href=\"https:\/\/www.visit-venice-italy.com\/water-bus-venice-line-2.html\" target=\"_blank\" rel=\"nofollow noopener\">\n\t\t\t\t\t\t<span class=\"elementor-button-content-wrapper\">\n\t\t\t\t\t\t<span class=\"elementor-button-text\">Orario linea 2<\/span>\n\t\t<\/span>\n\t\t\t\t\t<\/a>\n\t\t<\/div>\n\t\t\t\t<\/div>\n\t\t\t\t<\/div>\n\t\t\t\t\t<\/div>\n\t\t<\/div>\n\t\t\t\t\t\t\t<\/div>\n\t\t<\/section>\n\t\t\t\t<section class=\"has_eae_slider elementor-section elementor-top-section elementor-element elementor-element-2ce418f elementor-section-boxed elementor-section-height-default elementor-section-height-default\" data-eae-slider=\"47514\" data-id=\"2ce418f\" data-element_type=\"section\">\n\t\t\t\t\t\t<div class=\"elementor-container elementor-column-gap-default\">\n\t\t\t\t\t<div class=\"has_eae_slider elementor-column elementor-col-100 elementor-top-column elementor-element elementor-element-d8ee758\" data-eae-slider=\"88649\" data-id=\"d8ee758\" data-element_type=\"column\">\n\t\t\t<div class=\"elementor-widget-wrap elementor-element-populated\">\n\t\t\t\t\t\t\t\t<div class=\"elementor-element elementor-element-3e73439 elementor-widget elementor-widget-heading\" data-id=\"3e73439\" data-element_type=\"widget\" data-widget_type=\"heading.default\">\n\t\t\t\t<div class=\"elementor-widget-container\">\n\t\t\t<h3 class=\"elementor-heading-title elementor-size-default\">Tour: Cannaregio West<\/h3>\t\t<\/div>\n\t\t\t\t<\/div>\n\t\t\t\t<div class=\"elementor-element elementor-element-bb395eb elementor-widget-divider--view-line elementor-widget elementor-widget-divider\" data-id=\"bb395eb\" data-element_type=\"widget\" data-widget_type=\"divider.default\">\n\t\t\t\t<div class=\"elementor-widget-container\">\n\t\t\t\t\t<div class=\"elementor-divider\">\n\t\t\t<span class=\"elementor-divider-separator\">\n\t\t\t\t\t\t<\/span>\n\t\t<\/div>\n\t\t\t\t<\/div>\n\t\t\t\t<\/div>\n\t\t\t\t<div class=\"elementor-element elementor-element-a8ac525 elementor-widget elementor-widget-heading\" data-id=\"a8ac525\" data-element_type=\"widget\" data-widget_type=\"heading.default\">\n\t\t\t\t<div class=\"elementor-widget-container\">\n\t\t\t<h5 class=\"elementor-heading-title elementor-size-default\">Suggerimento 1<\/h5>\t\t<\/div>\n\t\t\t\t<\/div>\n\t\t\t\t\t<\/div>\n\t\t<\/div>\n\t\t\t\t\t\t\t<\/div>\n\t\t<\/section>\n\t\t\t\t<section class=\"has_eae_slider elementor-section elementor-top-section elementor-element elementor-element-57023af elementor-section-boxed elementor-section-height-default elementor-section-height-default\" data-eae-slider=\"6401\" data-id=\"57023af\" data-element_type=\"section\">\n\t\t\t\t\t\t<div class=\"elementor-container elementor-column-gap-default\">\n\t\t\t\t\t<div class=\"has_eae_slider elementor-column elementor-col-66 elementor-top-column elementor-element elementor-element-89cf44a\" data-eae-slider=\"51045\" data-id=\"89cf44a\" data-element_type=\"column\">\n\t\t\t<div class=\"elementor-widget-wrap elementor-element-populated\">\n\t\t\t\t\t\t\t\t<div class=\"elementor-element elementor-element-5916330 elementor-widget elementor-widget-text-editor\" data-id=\"5916330\" data-element_type=\"widget\" data-widget_type=\"text-editor.default\">\n\t\t\t\t<div class=\"elementor-widget-container\">\n\t\t\t\t\t\t\t<p>Wir starten an der Anlegestelle <b>Ferrovia<\/b> und gehen zun\u00e4chst rechts die <b>Fondamenta degli Scalzi<\/b> entlang. Dort sehen wir auch schon schnell die <b>Chiesa degli Scalzi<\/b>, welche mit einer imposanten Fassade im venezianischen Barockstil aufwartet. Ins Innere der Kirche gelangt man leider nur, wenn man 3 Stufen (17 cm) \u00fcberwinden kann. Daf\u00fcr sind die Stufen aber mit Handl\u00e4ufen ausgestattet.<\/p><p>Hier an der <b>Ecke Stazione San Lucia\/Chiesa degli Scalzi<\/b> gibt es eine <b>barrierefreie Toilettte<\/b>. Daf\u00fcr biegt man vor der Kirche links in die Calle Carmelitani ein. Dort sieht man dann recht schnell die Schilder.<\/p>\t\t\t\t\t\t<\/div>\n\t\t\t\t<\/div>\n\t\t\t\t<div class=\"elementor-element elementor-element-127460f elementor-widget elementor-widget-heading\" data-id=\"127460f\" data-element_type=\"widget\" data-widget_type=\"heading.default\">\n\t\t\t\t<div class=\"elementor-widget-container\">\n\t\t\t<h5 class=\"elementor-heading-title elementor-size-default\">Palazzo Labia<\/h5>\t\t<\/div>\n\t\t\t\t<\/div>\n\t\t\t\t<div class=\"elementor-element elementor-element-3b90532 elementor-widget elementor-widget-text-editor\" data-id=\"3b90532\" data-element_type=\"widget\" data-widget_type=\"text-editor.default\">\n\t\t\t\t<div class=\"elementor-widget-container\">\n\t\t\t\t\t\t\t<p>Wir folgen weiter der Stra\u00dfe <b>Rio Terr\u00e0 Lista di Spagna<\/b> und erreichen kurze Zeit sp\u00e4ter den <b>Campo San Geremia<\/b>, welcher an einer Seite vom <b>Palazzo Labia<\/b> und auf der anderen Seite von der <b>Kirche Santi Geremia und Lucia<\/b> eingerahmt wird. Der Palazzo Labia beherbergt heute den regionalen Hauptsitz der RAI \u2013 dem \u00f6ffentlichenRadio- und Fernsehsender Italiens. Der Palazzo wurde im 18. Jahrhundert von den Labia, einer bekannten katalanischen Kaufmannsfamilie, erbaut. Im Inneren befindet sich ein gro\u00dfer Ballsaal, welcher mit Fresken von Tiepolo geschm\u00fcckt ist.<\/p>\t\t\t\t\t\t<\/div>\n\t\t\t\t<\/div>\n\t\t\t\t\t<\/div>\n\t\t<\/div>\n\t\t\t\t<div class=\"has_eae_slider elementor-column elementor-col-33 elementor-top-column elementor-element elementor-element-e784501\" data-eae-slider=\"16871\" data-id=\"e784501\" data-element_type=\"column\">\n\t\t\t<div class=\"elementor-widget-wrap elementor-element-populated\">\n\t\t\t\t\t\t\t\t<div class=\"elementor-element elementor-element-97adb4b elementor-widget elementor-widget-gallery\" data-id=\"97adb4b\" data-element_type=\"widget\" data-settings=\"{&quot;gallery_layout&quot;:&quot;masonry&quot;,&quot;columns&quot;:1,&quot;overlay_description&quot;:&quot;description&quot;,&quot;lazyload&quot;:&quot;yes&quot;,&quot;columns_tablet&quot;:2,&quot;columns_mobile&quot;:1,&quot;gap&quot;:{&quot;unit&quot;:&quot;px&quot;,&quot;size&quot;:10,&quot;sizes&quot;:[]},&quot;gap_tablet&quot;:{&quot;unit&quot;:&quot;px&quot;,&quot;size&quot;:10,&quot;sizes&quot;:[]},&quot;gap_mobile&quot;:{&quot;unit&quot;:&quot;px&quot;,&quot;size&quot;:10,&quot;sizes&quot;:[]},&quot;link_to&quot;:&quot;file&quot;,&quot;overlay_background&quot;:&quot;yes&quot;,&quot;content_hover_animation&quot;:&quot;fade-in&quot;}\" data-widget_type=\"gallery.default\">\n\t\t\t\t<div class=\"elementor-widget-container\">\n\t\t\t\t\t<div class=\"elementor-gallery__container\">\n\t\t\t\t\t\t\t<a class=\"e-gallery-item elementor-gallery-item elementor-animated-content\" href=\"https:\/\/wheelchair-tours.org\/wp-content\/uploads\/2020\/09\/Wheelchair_tours_Rollstuhl_Wandern_Blog_Venedig_barrierefrei_kanal-mit-booten-unsplash-ricardo-gomez-angel.jpg\" data-elementor-open-lightbox=\"yes\" data-elementor-lightbox-slideshow=\"all-97adb4b\" data-elementor-lightbox-title=\"Wheelchair_tours_Rollstuhl_Wandern_Blog_Venedig_barrierefrei_kanal-mit-booten-unsplash-ricardo-gomez-angel\" data-elementor-lightbox-description=\"\u00a9 Ricardo Gomez Angel \/ unsplash\" data-e-action-hash=\"#elementor-action%3Aaction%3Dlightbox%26settings%3DeyJpZCI6NTQ2NiwidXJsIjoiaHR0cHM6XC9cL3doZWVsY2hhaXItdG91cnMub3JnXC93cC1jb250ZW50XC91cGxvYWRzXC8yMDIwXC8wOVwvV2hlZWxjaGFpcl90b3Vyc19Sb2xsc3R1aGxfV2FuZGVybl9CbG9nX1ZlbmVkaWdfYmFycmllcmVmcmVpX2thbmFsLW1pdC1ib290ZW4tdW5zcGxhc2gtcmljYXJkby1nb21lei1hbmdlbC5qcGciLCJzbGlkZXNob3ciOiJhbGwtOTdhZGI0YiJ9\">\n\t\t\t\t\t<div class=\"e-gallery-image elementor-gallery-item__image\" data-thumbnail=\"https:\/\/wheelchair-tours.org\/wp-content\/uploads\/2020\/09\/Wheelchair_tours_Rollstuhl_Wandern_Blog_Venedig_barrierefrei_kanal-mit-booten-unsplash-ricardo-gomez-angel.jpg\" data-width=\"640\" data-height=\"400\" alt=\"\" ><\/div>\n\t\t\t\t\t\t\t\t\t\t\t<div class=\"elementor-gallery-item__overlay\"><\/div>\n\t\t\t\t\t\t\t\t\t\t\t\t\t\t\t<div class=\"elementor-gallery-item__content\">\n\t\t\t\t\t\t\t\t\t\t\t\t\t\t<div class=\"elementor-gallery-item__description\">\n\t\t\t\t\t\t\t\t\t\t\t\t\t\t\t\t\t\t\u00a9 Ricardo Gomez Angel \/ unsplash\t\t\t\t\t\t\t\t<\/div>\n\t\t\t\t\t\t\t\t\t\t\t\t<\/div>\n\t\t\t\t\t\t\t\t\t<\/a>\n\t\t\t\t\t\t\t<a class=\"e-gallery-item elementor-gallery-item elementor-animated-content\" href=\"https:\/\/wheelchair-tours.org\/wp-content\/uploads\/2020\/09\/Wheelchair_tours_Rollstuhl_Wandern_Blog_Venedig_barrierefrei_kanal-mit-booten-cafe-unsplash-ricardo-gomez-angel.jpg\" data-elementor-open-lightbox=\"yes\" data-elementor-lightbox-slideshow=\"all-97adb4b\" data-elementor-lightbox-title=\"Wheelchair_tours_Rollstuhl_Wandern_Blog_Venedig_barrierefrei_kanal-mit-booten-cafe-unsplash-ricardo-gomez-angel\" data-elementor-lightbox-description=\"\u00a9 Ricardo Gomez Angel \/ unsplash\" data-e-action-hash=\"#elementor-action%3Aaction%3Dlightbox%26settings%3DeyJpZCI6NTQ2NCwidXJsIjoiaHR0cHM6XC9cL3doZWVsY2hhaXItdG91cnMub3JnXC93cC1jb250ZW50XC91cGxvYWRzXC8yMDIwXC8wOVwvV2hlZWxjaGFpcl90b3Vyc19Sb2xsc3R1aGxfV2FuZGVybl9CbG9nX1ZlbmVkaWdfYmFycmllcmVmcmVpX2thbmFsLW1pdC1ib290ZW4tY2FmZS11bnNwbGFzaC1yaWNhcmRvLWdvbWV6LWFuZ2VsLmpwZyIsInNsaWRlc2hvdyI6ImFsbC05N2FkYjRiIn0%3D\">\n\t\t\t\t\t<div class=\"e-gallery-image elementor-gallery-item__image\" data-thumbnail=\"https:\/\/wheelchair-tours.org\/wp-content\/uploads\/2020\/09\/Wheelchair_tours_Rollstuhl_Wandern_Blog_Venedig_barrierefrei_kanal-mit-booten-cafe-unsplash-ricardo-gomez-angel.jpg\" data-width=\"640\" data-height=\"400\" alt=\"\" ><\/div>\n\t\t\t\t\t\t\t\t\t\t\t<div class=\"elementor-gallery-item__overlay\"><\/div>\n\t\t\t\t\t\t\t\t\t\t\t\t\t\t\t<div class=\"elementor-gallery-item__content\">\n\t\t\t\t\t\t\t\t\t\t\t\t\t\t<div class=\"elementor-gallery-item__description\">\n\t\t\t\t\t\t\t\t\t\t\t\t\t\t\t\t\t\t\u00a9 Ricardo Gomez Angel \/ unsplash\t\t\t\t\t\t\t\t<\/div>\n\t\t\t\t\t\t\t\t\t\t\t\t<\/div>\n\t\t\t\t\t\t\t\t\t<\/a>\n\t\t\t\t\t<\/div>\n\t\t\t<\/div>\n\t\t\t\t<\/div>\n\t\t\t\t\t<\/div>\n\t\t<\/div>\n\t\t\t\t\t\t\t<\/div>\n\t\t<\/section>\n\t\t\t\t<section class=\"has_eae_slider elementor-section elementor-top-section elementor-element elementor-element-3bf03ac elementor-section-boxed elementor-section-height-default elementor-section-height-default\" data-eae-slider=\"27177\" data-id=\"3bf03ac\" data-element_type=\"section\">\n\t\t\t\t\t\t<div class=\"elementor-container elementor-column-gap-default\">\n\t\t\t\t\t<div class=\"has_eae_slider elementor-column elementor-col-50 elementor-top-column elementor-element elementor-element-14366ec\" data-eae-slider=\"4291\" data-id=\"14366ec\" data-element_type=\"column\">\n\t\t\t<div class=\"elementor-widget-wrap elementor-element-populated\">\n\t\t\t\t\t\t\t\t<div class=\"elementor-element elementor-element-781e8f5 elementor-widget elementor-widget-gallery\" data-id=\"781e8f5\" data-element_type=\"widget\" data-settings=\"{&quot;gallery_layout&quot;:&quot;masonry&quot;,&quot;columns&quot;:1,&quot;overlay_description&quot;:&quot;description&quot;,&quot;lazyload&quot;:&quot;yes&quot;,&quot;columns_tablet&quot;:2,&quot;columns_mobile&quot;:1,&quot;gap&quot;:{&quot;unit&quot;:&quot;px&quot;,&quot;size&quot;:10,&quot;sizes&quot;:[]},&quot;gap_tablet&quot;:{&quot;unit&quot;:&quot;px&quot;,&quot;size&quot;:10,&quot;sizes&quot;:[]},&quot;gap_mobile&quot;:{&quot;unit&quot;:&quot;px&quot;,&quot;size&quot;:10,&quot;sizes&quot;:[]},&quot;link_to&quot;:&quot;file&quot;,&quot;overlay_background&quot;:&quot;yes&quot;,&quot;content_hover_animation&quot;:&quot;fade-in&quot;}\" data-widget_type=\"gallery.default\">\n\t\t\t\t<div class=\"elementor-widget-container\">\n\t\t\t\t\t<div class=\"elementor-gallery__container\">\n\t\t\t\t\t\t\t<a class=\"e-gallery-item elementor-gallery-item elementor-animated-content\" href=\"https:\/\/wheelchair-tours.org\/wp-content\/uploads\/2020\/09\/Wheelchair_tours_Rollstuhl_Wandern_Blog_Venedig_barrierefrei_bruecke_Gheto_novo-unsplash-ricardo-gomez-angel.jpg\" data-elementor-open-lightbox=\"yes\" data-elementor-lightbox-slideshow=\"all-781e8f5\" data-elementor-lightbox-title=\"Wheelchair_tours_Rollstuhl_Wandern_Blog_Venedig_barrierefrei_bruecke_Gheto_novo-unsplash-ricardo-gomez-angel\" data-elementor-lightbox-description=\"\u00a9 Ricardo Gomez Angel \/ unsplash\" data-e-action-hash=\"#elementor-action%3Aaction%3Dlightbox%26settings%3DeyJpZCI6NTQ1OCwidXJsIjoiaHR0cHM6XC9cL3doZWVsY2hhaXItdG91cnMub3JnXC93cC1jb250ZW50XC91cGxvYWRzXC8yMDIwXC8wOVwvV2hlZWxjaGFpcl90b3Vyc19Sb2xsc3R1aGxfV2FuZGVybl9CbG9nX1ZlbmVkaWdfYmFycmllcmVmcmVpX2JydWVja2VfR2hldG9fbm92by11bnNwbGFzaC1yaWNhcmRvLWdvbWV6LWFuZ2VsLmpwZyIsInNsaWRlc2hvdyI6ImFsbC03ODFlOGY1In0%3D\">\n\t\t\t\t\t<div class=\"e-gallery-image elementor-gallery-item__image\" data-thumbnail=\"https:\/\/wheelchair-tours.org\/wp-content\/uploads\/2020\/09\/Wheelchair_tours_Rollstuhl_Wandern_Blog_Venedig_barrierefrei_bruecke_Gheto_novo-unsplash-ricardo-gomez-angel.jpg\" data-width=\"640\" data-height=\"400\" alt=\"\" ><\/div>\n\t\t\t\t\t\t\t\t\t\t\t<div class=\"elementor-gallery-item__overlay\"><\/div>\n\t\t\t\t\t\t\t\t\t\t\t\t\t\t\t<div class=\"elementor-gallery-item__content\">\n\t\t\t\t\t\t\t\t\t\t\t\t\t\t<div class=\"elementor-gallery-item__description\">\n\t\t\t\t\t\t\t\t\t\t\t\t\t\t\t\t\t\t\u00a9 Ricardo Gomez Angel \/ unsplash\t\t\t\t\t\t\t\t<\/div>\n\t\t\t\t\t\t\t\t\t\t\t\t<\/div>\n\t\t\t\t\t\t\t\t\t<\/a>\n\t\t\t\t\t\t\t<a class=\"e-gallery-item elementor-gallery-item elementor-animated-content\" href=\"https:\/\/wheelchair-tours.org\/wp-content\/uploads\/2020\/09\/Wheelchair_tours_Rollstuhl_Wandern_Blog_Venedig_barrierefrei_kanal-mit-booten-unsplash-sinziana-susa.jpg\" data-elementor-open-lightbox=\"yes\" data-elementor-lightbox-slideshow=\"all-781e8f5\" data-elementor-lightbox-title=\"Wheelchair_tours_Rollstuhl_Wandern_Blog_Venedig_barrierefrei_kanal-mit-booten-unsplash-sinziana-susa\" data-elementor-lightbox-description=\"\u00a9 Sinziana Susa \/ unsplash\" data-e-action-hash=\"#elementor-action%3Aaction%3Dlightbox%26settings%3DeyJpZCI6NTQ2NywidXJsIjoiaHR0cHM6XC9cL3doZWVsY2hhaXItdG91cnMub3JnXC93cC1jb250ZW50XC91cGxvYWRzXC8yMDIwXC8wOVwvV2hlZWxjaGFpcl90b3Vyc19Sb2xsc3R1aGxfV2FuZGVybl9CbG9nX1ZlbmVkaWdfYmFycmllcmVmcmVpX2thbmFsLW1pdC1ib290ZW4tdW5zcGxhc2gtc2luemlhbmEtc3VzYS5qcGciLCJzbGlkZXNob3ciOiJhbGwtNzgxZThmNSJ9\">\n\t\t\t\t\t<div class=\"e-gallery-image elementor-gallery-item__image\" data-thumbnail=\"https:\/\/wheelchair-tours.org\/wp-content\/uploads\/2020\/09\/Wheelchair_tours_Rollstuhl_Wandern_Blog_Venedig_barrierefrei_kanal-mit-booten-unsplash-sinziana-susa.jpg\" data-width=\"640\" data-height=\"400\" alt=\"\" ><\/div>\n\t\t\t\t\t\t\t\t\t\t\t<div class=\"elementor-gallery-item__overlay\"><\/div>\n\t\t\t\t\t\t\t\t\t\t\t\t\t\t\t<div class=\"elementor-gallery-item__content\">\n\t\t\t\t\t\t\t\t\t\t\t\t\t\t<div class=\"elementor-gallery-item__description\">\n\t\t\t\t\t\t\t\t\t\t\t\t\t\t\t\t\t\t\u00a9 Sinziana Susa \/ unsplash\t\t\t\t\t\t\t\t<\/div>\n\t\t\t\t\t\t\t\t\t\t\t\t<\/div>\n\t\t\t\t\t\t\t\t\t<\/a>\n\t\t\t\t\t\t\t<a class=\"e-gallery-item elementor-gallery-item elementor-animated-content\" href=\"https:\/\/wheelchair-tours.org\/wp-content\/uploads\/2020\/09\/Wheelchair_tours_Rollstuhl_Wandern_Blog_Venedig_barrierefrei_ponte_Gheto_novo-innenhof-unsplash-andre-buchana.jpg\" data-elementor-open-lightbox=\"yes\" data-elementor-lightbox-slideshow=\"all-781e8f5\" data-elementor-lightbox-title=\"Wheelchair_tours_Rollstuhl_Wandern_Blog_Venedig_barrierefrei_ponte_Gheto_novo-innenhof-unsplash-andre-buchana\" data-elementor-lightbox-description=\"\u00a9 Andre Buchana \/ unsplash\" data-e-action-hash=\"#elementor-action%3Aaction%3Dlightbox%26settings%3DeyJpZCI6NTQ2OSwidXJsIjoiaHR0cHM6XC9cL3doZWVsY2hhaXItdG91cnMub3JnXC93cC1jb250ZW50XC91cGxvYWRzXC8yMDIwXC8wOVwvV2hlZWxjaGFpcl90b3Vyc19Sb2xsc3R1aGxfV2FuZGVybl9CbG9nX1ZlbmVkaWdfYmFycmllcmVmcmVpX3BvbnRlX0doZXRvX25vdm8taW5uZW5ob2YtdW5zcGxhc2gtYW5kcmUtYnVjaGFuYS5qcGciLCJzbGlkZXNob3ciOiJhbGwtNzgxZThmNSJ9\">\n\t\t\t\t\t<div class=\"e-gallery-image elementor-gallery-item__image\" data-thumbnail=\"https:\/\/wheelchair-tours.org\/wp-content\/uploads\/2020\/09\/Wheelchair_tours_Rollstuhl_Wandern_Blog_Venedig_barrierefrei_ponte_Gheto_novo-innenhof-unsplash-andre-buchana.jpg\" data-width=\"640\" data-height=\"400\" alt=\"\" ><\/div>\n\t\t\t\t\t\t\t\t\t\t\t<div class=\"elementor-gallery-item__overlay\"><\/div>\n\t\t\t\t\t\t\t\t\t\t\t\t\t\t\t<div class=\"elementor-gallery-item__content\">\n\t\t\t\t\t\t\t\t\t\t\t\t\t\t<div class=\"elementor-gallery-item__description\">\n\t\t\t\t\t\t\t\t\t\t\t\t\t\t\t\t\t\t\u00a9 Andre Buchana \/ unsplash\t\t\t\t\t\t\t\t<\/div>\n\t\t\t\t\t\t\t\t\t\t\t\t<\/div>\n\t\t\t\t\t\t\t\t\t<\/a>\n\t\t\t\t\t<\/div>\n\t\t\t<\/div>\n\t\t\t\t<\/div>\n\t\t\t\t\t<\/div>\n\t\t<\/div>\n\t\t\t\t<div class=\"has_eae_slider elementor-column elementor-col-50 elementor-top-column elementor-element elementor-element-607436b\" data-eae-slider=\"68114\" data-id=\"607436b\" data-element_type=\"column\">\n\t\t\t<div class=\"elementor-widget-wrap elementor-element-populated\">\n\t\t\t\t\t\t\t\t<div class=\"elementor-element elementor-element-41f1d06 elementor-widget elementor-widget-heading\" data-id=\"41f1d06\" data-element_type=\"widget\" data-widget_type=\"heading.default\">\n\t\t\t\t<div class=\"elementor-widget-container\">\n\t\t\t<h5 class=\"elementor-heading-title elementor-size-default\">Kirche Santi Geremia<\/h5>\t\t<\/div>\n\t\t\t\t<\/div>\n\t\t\t\t<div class=\"elementor-element elementor-element-856d16e elementor-widget elementor-widget-text-editor\" data-id=\"856d16e\" data-element_type=\"widget\" data-widget_type=\"text-editor.default\">\n\t\t\t\t<div class=\"elementor-widget-container\">\n\t\t\t\t\t\t\t<p>Die Kirche Santi Geremia und Lucia wurde urspr\u00fcnglich im 11 Jahrhundert erbaut und 1292 wieder neu aufgebaut. Die Kirche beherbergt die \u00dcberreste der Heiligen Lucia und hat einen wertwollen und sehr sch\u00f6nen Altar.\u00a0<span style=\"font-size: 16px; color: var( --e-global-color-text ); font-family: var( --e-global-typography-text-font-family );\">Die Kirche verf\u00fcgt \u00fcber zwei Eing\u00e4nge:\u00a0 Der Haupteingang liegt direkt am Campo San Geremia, hat jedoch 9 Stufen (19 cm). Der Nebeneingang befindet sich am Ende der Stra\u00dfe Fondamenta C\u00e0 Labia bei der Hausnummer 335, direkt am Kanal Cannaregio und ist ohne Treppen zug\u00e4nglich. Hier findet sich eine externe Sprechanlage, an der gel\u00e4utet werden muss, damit von innen die T\u00fcren ge\u00f6ffnet werden. Leider gibt es hier einen Haken: Um die Stra\u00dfe Fondamenta C\u00e0 Labia zu erreichen, m\u00fcssen Treppenstufen \u00fcberwunden werden. Der Zugang befindet sich direkt an der Br\u00fccke Ponte delle Guglie. Diese sind relativ breit und flach \u2013 insgesamt 5 Stufen mit einer Tritttiefe von 93 cm und einer H\u00f6he von 12,5 cm.<\/span><\/p><p>Zur\u00fcck an der Br\u00fccke gehen wir die Stra\u00dfe <b>Fondamenta Venier<\/b> entlang in Richtung <b>Fondamenta Savorgnan. <\/b>Auch hier m\u00fcssen zun\u00e4chst Treppenstufen \u00fcberwunden werden,<b> <\/b>diese sind aber mit Rampen ausgestattet, so dass man hier mit einem Rollstuhl entlang fahren kann \u2013 genauso wie die Ponte delle Guglie selbst. Kurze Zeit sp\u00e4ter erreichen wir den <b>Palazzo Savorgnan<\/b>. Dieses sehr interessante Geb\u00e4ude ist mit monumentalen Wappen dekoriert und wurde Ende des 17. Jahrhunderts nach dem Vorbild von Giuseppe Sardi errichtet.<span style=\"font-size: 16px; color: var( --e-global-color-text ); font-family: var( --e-global-typography-text-font-family );\"><br \/><\/span><\/p>\t\t\t\t\t\t<\/div>\n\t\t\t\t<\/div>\n\t\t\t\t<div class=\"elementor-element elementor-element-f1e9309 elementor-widget elementor-widget-heading\" data-id=\"f1e9309\" data-element_type=\"widget\" data-widget_type=\"heading.default\">\n\t\t\t\t<div class=\"elementor-widget-container\">\n\t\t\t<h5 class=\"elementor-heading-title elementor-size-default\">Campo &amp; Kirche San Giobbe<\/h5>\t\t<\/div>\n\t\t\t\t<\/div>\n\t\t\t\t<div class=\"elementor-element elementor-element-ff79f97 elementor-widget elementor-widget-text-editor\" data-id=\"ff79f97\" data-element_type=\"widget\" data-widget_type=\"text-editor.default\">\n\t\t\t\t<div class=\"elementor-widget-container\">\n\t\t\t\t\t\t\t<p><span style=\"font-size: 16px; color: var( --e-global-color-text ); font-family: var( --e-global-typography-text-font-family );\">Wir folgen der Fondamenta Savorgnan und stehen nach kurzer Zeit vor einem kleinen Kanal. Dieser kann jedoch \u00fcber die Br\u00fccke <b>Ponte de la Crea<\/b>, die auch mit Rollstuhl passierbar ist, \u00fcberquert werden. Direkt hinter der Br\u00fccke gehen wir wieder rechts und am Cannaregio-Kanal links bis zum <b>Campo San Giobbe<\/b>, an dem sich auch die gleichnamige Kirche San Giobbe befindet. Die Kirche wurde um die Mitte des 15. Jahrhunderts nach dem Vorbild von Pietro Lombardo erbaut und stellt eines der ersten Beispiele der Renaissance-Architektur in Venedig dar. Die <b>Martini-Kapelle<\/b> ist das Aush\u00e4ngeschild der Kirche San Giobbe. Sie beherbergt einer Decke aus glasierter Keramik, die Luca della Robbia zugeschrieben wird.\u00a0<\/span><span style=\"font-size: 16px; color: var( --e-global-color-text ); font-family: var( --e-global-typography-text-font-family );\">Der Haupteingang zur Kirche hat eine Stufe (9 cm hoch) und eine Stufe mit 23 cm auf der Innenseite der Kirche.<\/span><\/p>\t\t\t\t\t\t<\/div>\n\t\t\t\t<\/div>\n\t\t\t\t\t<\/div>\n\t\t<\/div>\n\t\t\t\t\t\t\t<\/div>\n\t\t<\/section>\n\t\t\t\t<section class=\"has_eae_slider elementor-section elementor-top-section elementor-element elementor-element-ec9a99a elementor-section-boxed elementor-section-height-default elementor-section-height-default\" data-eae-slider=\"40022\" data-id=\"ec9a99a\" data-element_type=\"section\">\n\t\t\t\t\t\t<div class=\"elementor-container elementor-column-gap-default\">\n\t\t\t\t\t<div class=\"has_eae_slider elementor-column elementor-col-100 elementor-top-column elementor-element elementor-element-d93bb1f\" data-eae-slider=\"34397\" data-id=\"d93bb1f\" data-element_type=\"column\">\n\t\t\t<div class=\"elementor-widget-wrap elementor-element-populated\">\n\t\t\t\t\t\t\t\t<div class=\"elementor-element elementor-element-936b334 elementor-widget elementor-widget-html\" data-id=\"936b334\" data-element_type=\"widget\" data-widget_type=\"html.default\">\n\t\t\t\t<div class=\"elementor-widget-container\">\n\t\t\t<div class=\"BorlabsCookie _brlbs-cb-default\"><div class=\"_brlbs-content-blocker\"> <div class=\"_brlbs-default\"> <p>Clicca il pulsante qui sotto per scaricare il contenuto di www.komoot.de.<\/p> <p><a class=\"_brlbs-btn\" href=\"#\" data-borlabs-cookie-unblock role=\"button\">Contenuto del carico<\/a><\/p> <\/div> <\/div><div class=\"borlabs-hide\" data-borlabs-cookie-type=\"content-blocker\" data-borlabs-cookie-id=\"default\"><script type=\"text\/template\">PGlmcmFtZSBzcmM9Imh0dHBzOi8vd3d3LmtvbW9vdC5kZS90b3VyLzI2NDUzNzU1Ny9lbWJlZCIgd2lkdGg9IjEwMCUiIGhlaWdodD0iNDgwIiBmcmFtZWJvcmRlcj0iMCIgc2Nyb2xsaW5nPSJubyI+PC9pZnJhbWU+<\/script><\/div><\/div>\t\t<\/div>\n\t\t\t\t<\/div>\n\t\t\t\t\t<\/div>\n\t\t<\/div>\n\t\t\t\t\t\t\t<\/div>\n\t\t<\/section>\n\t\t\t\t<section class=\"has_eae_slider elementor-section elementor-top-section elementor-element elementor-element-01b0a5d elementor-section-boxed elementor-section-height-default elementor-section-height-default\" data-eae-slider=\"3424\" data-id=\"01b0a5d\" data-element_type=\"section\">\n\t\t\t\t\t\t<div class=\"elementor-container elementor-column-gap-default\">\n\t\t\t\t\t<div class=\"has_eae_slider elementor-column elementor-col-66 elementor-top-column elementor-element elementor-element-98ed0ed\" data-eae-slider=\"96186\" data-id=\"98ed0ed\" data-element_type=\"column\">\n\t\t\t<div class=\"elementor-widget-wrap elementor-element-populated\">\n\t\t\t\t\t\t\t\t<div class=\"elementor-element elementor-element-d250170 elementor-widget elementor-widget-heading\" data-id=\"d250170\" data-element_type=\"widget\" data-widget_type=\"heading.default\">\n\t\t\t\t<div class=\"elementor-widget-container\">\n\t\t\t<h5 class=\"elementor-heading-title elementor-size-default\">Kirche San Marcuola<\/h5>\t\t<\/div>\n\t\t\t\t<\/div>\n\t\t\t\t<div class=\"elementor-element elementor-element-4041f1b elementor-widget elementor-widget-text-editor\" data-id=\"4041f1b\" data-element_type=\"widget\" data-widget_type=\"text-editor.default\">\n\t\t\t\t<div class=\"elementor-widget-container\">\n\t\t\t\t\t\t\t<p><span style=\"font-size: 16px; color: var( --e-global-color-text ); font-family: var( --e-global-typography-text-font-family );\">Wir gehen den gleichen Weg zur\u00fcck bis zur Ponte delle Guglie und \u00fcberqueren diese mit Hilfe der Rampe. Auf der anderen Seite des Cannalegio-Kanals folgen wir der Stra\u00dfe <\/span><b style=\"font-style: inherit; color: var( --e-global-color-text ); font-family: var( --e-global-typography-text-font-family );\">Rio Terr\u00e0 San Leonardo<\/b><span style=\"font-size: 16px; color: var( --e-global-color-text ); font-family: var( --e-global-typography-text-font-family );\"> (hier findet sich ebenfalls eine <\/span><b style=\"font-style: inherit; color: var( --e-global-color-text ); font-family: var( --e-global-typography-text-font-family );\">barrierefreie Toilette<\/b><span style=\"font-size: 16px; color: var( --e-global-color-text ); font-family: var( --e-global-typography-text-font-family );\"> direkt an der Chiesa San Leonardo) bis wir rechts in die Stra\u00dfe <\/span><b style=\"font-style: inherit; color: var( --e-global-color-text ); font-family: var( --e-global-typography-text-font-family );\">Rio Terr\u00e0 del Cristo<\/b><span style=\"font-size: 16px; color: var( --e-global-color-text ); font-family: var( --e-global-typography-text-font-family );\"> einbiegen und dieser bis zum Ende folgen. Hier befindet sich die Kirche von SS. Ermagora und Fortunato, die auch <\/span><b style=\"font-style: inherit; color: var( --e-global-color-text ); font-family: var( --e-global-typography-text-font-family );\">San Marcuola<\/b><span style=\"font-size: 16px; color: var( --e-global-color-text ); font-family: var( --e-global-typography-text-font-family );\"> genannt wird. Die Kirche, die aus dem 18. Jahrhundert stammt, besteht aus einem einzigen quadratischen Kirchenschiff, das von einer Gew\u00f6lbedecke mit gro\u00dfen halbrunden Fenstern bedeckt ist. Im Presbyterium sind acht Alt\u00e4re voller Kunstwerke zu sehen, darunter &#8222;Das letzte Abendmahl&#8220; von Jacopo Tintoretto. Die Fassade des Geb\u00e4udes mit Blick auf den Canal Grande, das von Giorgio Massari entworfen wurde, ist noch nicht fertig gestellt. Diese erreicht man wenn man hinter der Kirche von der Stra\u00dfe Rio Terr\u00e0 dietro la Chiesa rechts abbiegt. Von den Vaporetto-Haltestellen San Marcuola sind die Kirche und der Campo nicht zug\u00e4nglich, da man hier vier Stufen erklimmen muss, um in die Kirche zu gelangen. Allerdings befinden sich auf der anderen Seite der Kirche, in der Rio Terr\u00e0 dietro la chiesa zwei Zug\u00e4nge. Einer davon hat eine 8 cm hohe Stufe, der zweite nur eine leichte Erh\u00f6hung.<\/span><\/p>\t\t\t\t\t\t<\/div>\n\t\t\t\t<\/div>\n\t\t\t\t<div class=\"elementor-element elementor-element-1468f42 elementor-widget elementor-widget-heading\" data-id=\"1468f42\" data-element_type=\"widget\" data-widget_type=\"heading.default\">\n\t\t\t\t<div class=\"elementor-widget-container\">\n\t\t\t<h5 class=\"elementor-heading-title elementor-size-default\">Das J\u00fcdische Ghetto<\/h5>\t\t<\/div>\n\t\t\t\t<\/div>\n\t\t\t\t<div class=\"elementor-element elementor-element-89371c2 elementor-widget elementor-widget-text-editor\" data-id=\"89371c2\" data-element_type=\"widget\" data-widget_type=\"text-editor.default\">\n\t\t\t\t<div class=\"elementor-widget-container\">\n\t\t\t\t\t\t\t<p>In Cannaregio gibt es ausserdem das erste <b>J\u00fcdische Ghetto<\/b> Europas, welches in das <b>Ghetto Vecchio<\/b> e che <b>Ghetto Novo<\/b> aufgeteilt ist. Dieser Stadtteil ist heute einer der lebendigsten und meistbesuchten der Stadt und beherbergt noch immer die j\u00fcdischen religi\u00f6sen und administrativen Einrichtungen und f\u00fcnf Synagogen. Das Stadtbild ist gepr\u00e4gt von markanten Hochh\u00e4usern, die zeigen, wie sehr die Bev\u00f6lkerungsdichte im Laufe der Jahre zugenommen hat. Durch die vielen Kan\u00e4le sind das Ghetto Vecchio und das Ghetto Novo voneinander getrennt.<\/p>\t\t\t\t\t\t<\/div>\n\t\t\t\t<\/div>\n\t\t\t\t\t<\/div>\n\t\t<\/div>\n\t\t\t\t<div class=\"has_eae_slider elementor-column elementor-col-33 elementor-top-column elementor-element elementor-element-6553e77\" data-eae-slider=\"46154\" data-id=\"6553e77\" data-element_type=\"column\">\n\t\t\t<div class=\"elementor-widget-wrap elementor-element-populated\">\n\t\t\t\t\t\t\t\t<div class=\"elementor-element elementor-element-7b254cb elementor-widget elementor-widget-gallery\" data-id=\"7b254cb\" data-element_type=\"widget\" data-settings=\"{&quot;gallery_layout&quot;:&quot;justified&quot;,&quot;overlay_description&quot;:&quot;description&quot;,&quot;ideal_row_height&quot;:{&quot;unit&quot;:&quot;px&quot;,&quot;size&quot;:476,&quot;sizes&quot;:[]},&quot;lazyload&quot;:&quot;yes&quot;,&quot;ideal_row_height_tablet&quot;:{&quot;unit&quot;:&quot;px&quot;,&quot;size&quot;:150,&quot;sizes&quot;:[]},&quot;ideal_row_height_mobile&quot;:{&quot;unit&quot;:&quot;px&quot;,&quot;size&quot;:150,&quot;sizes&quot;:[]},&quot;gap&quot;:{&quot;unit&quot;:&quot;px&quot;,&quot;size&quot;:10,&quot;sizes&quot;:[]},&quot;gap_tablet&quot;:{&quot;unit&quot;:&quot;px&quot;,&quot;size&quot;:10,&quot;sizes&quot;:[]},&quot;gap_mobile&quot;:{&quot;unit&quot;:&quot;px&quot;,&quot;size&quot;:10,&quot;sizes&quot;:[]},&quot;link_to&quot;:&quot;file&quot;,&quot;overlay_background&quot;:&quot;yes&quot;,&quot;content_hover_animation&quot;:&quot;fade-in&quot;}\" data-widget_type=\"gallery.default\">\n\t\t\t\t<div class=\"elementor-widget-container\">\n\t\t\t\t\t<div class=\"elementor-gallery__container\">\n\t\t\t\t\t\t\t<a class=\"e-gallery-item elementor-gallery-item elementor-animated-content\" href=\"https:\/\/wheelchair-tours.org\/wp-content\/uploads\/2020\/09\/Wheelchair_tours_Rollstuhl_Wandern_Blog_Venedig_barrierefrei_ponte_Gheto_novo-unsplash-andre-buchana.jpg\" data-elementor-open-lightbox=\"yes\" data-elementor-lightbox-slideshow=\"all-7b254cb\" data-elementor-lightbox-title=\"Wheelchair_tours_Rollstuhl_Wandern_Blog_Venedig_barrierefrei_ponte_Gheto_novo-unsplash-andre-buchana\" data-elementor-lightbox-description=\"\u00a9 Andre Buchana \/ unsplash\" data-e-action-hash=\"#elementor-action%3Aaction%3Dlightbox%26settings%3DeyJpZCI6NTQ3MCwidXJsIjoiaHR0cHM6XC9cL3doZWVsY2hhaXItdG91cnMub3JnXC93cC1jb250ZW50XC91cGxvYWRzXC8yMDIwXC8wOVwvV2hlZWxjaGFpcl90b3Vyc19Sb2xsc3R1aGxfV2FuZGVybl9CbG9nX1ZlbmVkaWdfYmFycmllcmVmcmVpX3BvbnRlX0doZXRvX25vdm8tdW5zcGxhc2gtYW5kcmUtYnVjaGFuYS5qcGciLCJzbGlkZXNob3ciOiJhbGwtN2IyNTRjYiJ9\">\n\t\t\t\t\t<div class=\"e-gallery-image elementor-gallery-item__image\" data-thumbnail=\"https:\/\/wheelchair-tours.org\/wp-content\/uploads\/2020\/09\/Wheelchair_tours_Rollstuhl_Wandern_Blog_Venedig_barrierefrei_ponte_Gheto_novo-unsplash-andre-buchana.jpg\" data-width=\"400\" data-height=\"640\" alt=\"\" ><\/div>\n\t\t\t\t\t\t\t\t\t\t\t<div class=\"elementor-gallery-item__overlay\"><\/div>\n\t\t\t\t\t\t\t\t\t\t\t\t\t\t\t<div class=\"elementor-gallery-item__content\">\n\t\t\t\t\t\t\t\t\t\t\t\t\t\t<div class=\"elementor-gallery-item__description\">\n\t\t\t\t\t\t\t\t\t\t\t\t\t\t\t\t\t\t\u00a9 Andre Buchana \/ unsplash\t\t\t\t\t\t\t\t<\/div>\n\t\t\t\t\t\t\t\t\t\t\t\t<\/div>\n\t\t\t\t\t\t\t\t\t<\/a>\n\t\t\t\t\t<\/div>\n\t\t\t<\/div>\n\t\t\t\t<\/div>\n\t\t\t\t\t<\/div>\n\t\t<\/div>\n\t\t\t\t\t\t\t<\/div>\n\t\t<\/section>\n\t\t\t\t<section class=\"has_eae_slider elementor-section elementor-top-section elementor-element elementor-element-bf4aa07 elementor-section-boxed elementor-section-height-default elementor-section-height-default\" data-eae-slider=\"41970\" data-id=\"bf4aa07\" data-element_type=\"section\">\n\t\t\t\t\t\t<div class=\"elementor-container elementor-column-gap-default\">\n\t\t\t\t\t<div class=\"has_eae_slider elementor-column elementor-col-33 elementor-top-column elementor-element elementor-element-9e3dc49\" data-eae-slider=\"88399\" data-id=\"9e3dc49\" data-element_type=\"column\">\n\t\t\t<div class=\"elementor-widget-wrap elementor-element-populated\">\n\t\t\t\t\t\t\t\t<div class=\"elementor-element elementor-element-3efff63 elementor-widget elementor-widget-gallery\" data-id=\"3efff63\" data-element_type=\"widget\" data-settings=\"{&quot;gallery_layout&quot;:&quot;justified&quot;,&quot;overlay_description&quot;:&quot;description&quot;,&quot;ideal_row_height&quot;:{&quot;unit&quot;:&quot;px&quot;,&quot;size&quot;:476,&quot;sizes&quot;:[]},&quot;lazyload&quot;:&quot;yes&quot;,&quot;ideal_row_height_tablet&quot;:{&quot;unit&quot;:&quot;px&quot;,&quot;size&quot;:150,&quot;sizes&quot;:[]},&quot;ideal_row_height_mobile&quot;:{&quot;unit&quot;:&quot;px&quot;,&quot;size&quot;:150,&quot;sizes&quot;:[]},&quot;gap&quot;:{&quot;unit&quot;:&quot;px&quot;,&quot;size&quot;:10,&quot;sizes&quot;:[]},&quot;gap_tablet&quot;:{&quot;unit&quot;:&quot;px&quot;,&quot;size&quot;:10,&quot;sizes&quot;:[]},&quot;gap_mobile&quot;:{&quot;unit&quot;:&quot;px&quot;,&quot;size&quot;:10,&quot;sizes&quot;:[]},&quot;link_to&quot;:&quot;file&quot;,&quot;overlay_background&quot;:&quot;yes&quot;,&quot;content_hover_animation&quot;:&quot;fade-in&quot;}\" data-widget_type=\"gallery.default\">\n\t\t\t\t<div class=\"elementor-widget-container\">\n\t\t\t\t\t<div class=\"elementor-gallery__container\">\n\t\t\t\t\t\t\t<a class=\"e-gallery-item elementor-gallery-item elementor-animated-content\" href=\"https:\/\/wheelchair-tours.org\/wp-content\/uploads\/2020\/09\/Wheelchair_tours_Rollstuhl_Wandern_Blog_Venedig_barrierefrei_haus-am-kanal-unsplash-fernando-meloni.jpg\" data-elementor-open-lightbox=\"yes\" data-elementor-lightbox-slideshow=\"all-3efff63\" data-elementor-lightbox-title=\"Wheelchair_tours_Rollstuhl_Wandern_Blog_Venedig_barrierefrei_haus-am-kanal-unsplash-fernando-meloni\" data-elementor-lightbox-description=\"\u00a9 Fernando Meloni \/ unsplash\" data-e-action-hash=\"#elementor-action%3Aaction%3Dlightbox%26settings%3DeyJpZCI6NTQ2MywidXJsIjoiaHR0cHM6XC9cL3doZWVsY2hhaXItdG91cnMub3JnXC93cC1jb250ZW50XC91cGxvYWRzXC8yMDIwXC8wOVwvV2hlZWxjaGFpcl90b3Vyc19Sb2xsc3R1aGxfV2FuZGVybl9CbG9nX1ZlbmVkaWdfYmFycmllcmVmcmVpX2hhdXMtYW0ta2FuYWwtdW5zcGxhc2gtZmVybmFuZG8tbWVsb25pLmpwZyIsInNsaWRlc2hvdyI6ImFsbC0zZWZmZjYzIn0%3D\">\n\t\t\t\t\t<div class=\"e-gallery-image elementor-gallery-item__image\" data-thumbnail=\"https:\/\/wheelchair-tours.org\/wp-content\/uploads\/2020\/09\/Wheelchair_tours_Rollstuhl_Wandern_Blog_Venedig_barrierefrei_haus-am-kanal-unsplash-fernando-meloni.jpg\" data-width=\"400\" data-height=\"640\" alt=\"\" ><\/div>\n\t\t\t\t\t\t\t\t\t\t\t<div class=\"elementor-gallery-item__overlay\"><\/div>\n\t\t\t\t\t\t\t\t\t\t\t\t\t\t\t<div class=\"elementor-gallery-item__content\">\n\t\t\t\t\t\t\t\t\t\t\t\t\t\t<div class=\"elementor-gallery-item__description\">\n\t\t\t\t\t\t\t\t\t\t\t\t\t\t\t\t\t\t\u00a9 Fernando Meloni \/ unsplash\t\t\t\t\t\t\t\t<\/div>\n\t\t\t\t\t\t\t\t\t\t\t\t<\/div>\n\t\t\t\t\t\t\t\t\t<\/a>\n\t\t\t\t\t<\/div>\n\t\t\t<\/div>\n\t\t\t\t<\/div>\n\t\t\t\t\t<\/div>\n\t\t<\/div>\n\t\t\t\t<div class=\"has_eae_slider elementor-column elementor-col-66 elementor-top-column elementor-element elementor-element-5b9a15f\" data-eae-slider=\"75753\" data-id=\"5b9a15f\" data-element_type=\"column\">\n\t\t\t<div class=\"elementor-widget-wrap elementor-element-populated\">\n\t\t\t\t\t\t\t\t<div class=\"elementor-element elementor-element-743e63d elementor-widget elementor-widget-heading\" data-id=\"743e63d\" data-element_type=\"widget\" data-widget_type=\"heading.default\">\n\t\t\t\t<div class=\"elementor-widget-container\">\n\t\t\t<h5 class=\"elementor-heading-title elementor-size-default\">Einblick ins Ghetto Vecchio<\/h5>\t\t<\/div>\n\t\t\t\t<\/div>\n\t\t\t\t<div class=\"elementor-element elementor-element-82303dc elementor-widget elementor-widget-text-editor\" data-id=\"82303dc\" data-element_type=\"widget\" data-widget_type=\"text-editor.default\">\n\t\t\t\t<div class=\"elementor-widget-container\">\n\t\t\t\t\t\t\t<p><span style=\"font-size: 16px; color: var( --e-global-color-text ); font-family: var( --e-global-typography-text-font-family );\">Um einen kleinen <\/span><b style=\"font-style: inherit; color: var( --e-global-color-text ); font-family: var( --e-global-typography-text-font-family );\">Einblick vom Ghetto Vecchio<\/b><span style=\"font-size: 16px; color: var( --e-global-color-text ); font-family: var( --e-global-typography-text-font-family );\"> zu erhalten, m\u00fcssen wir zuerst zur Fondamenta Pescaria. &nbsp;Daf\u00fcr gehen wir zur\u00fcck zur Ponte delle Guglie und biegen vor der Br\u00fccke rechts ab. Hier ist ebenfalls eine Rampe eingebaut. Kurze Zeit sp\u00e4ter biegen wir erneut rechts ab in die <\/span><b style=\"font-style: inherit; color: var( --e-global-color-text ); font-family: var( --e-global-typography-text-font-family );\">Calle Ghetto Vecchio<\/b><span style=\"font-size: 16px; color: var( --e-global-color-text ); font-family: var( --e-global-typography-text-font-family );\">, die sich hinter einer Unterf\u00fchrung (sottoportego) verbirgt. Der Calle Ghetto Vecchio kann man ein ganzes St\u00fcck mit Rollstuhl folgen, bis man an einen Kanal und damit an eine Br\u00fccke gelangt. Diese hat 9 Stufen mit 15 cm H\u00f6he auf der einen und 8 Stufen mit 17 cm H\u00f6he auf der anderen Seite. Das Ghetto Novo liegt dahinter auf einer kleinen Insel. Der kleine Platz <\/span><b style=\"font-style: inherit; color: var( --e-global-color-text ); font-family: var( --e-global-typography-text-font-family );\">Corte Scala Mata<\/b><span style=\"font-size: 16px; color: var( --e-global-color-text ); font-family: var( --e-global-typography-text-font-family );\">, den wir kurz vorher passiert haben, &nbsp;ist ein h\u00fcbsches Pl\u00e4tzchen f\u00fcr einen Espresso. Auf dem gleichen Weg geht es zur\u00fcck zur Br\u00fccke Ponte delle Guglie. Es lohnt sich der Fondamenta Prescaria und der Fondamenta di Cannaregio etwas entlang zu schlendern und immer mal wieder kleine Abstecher in die Seitengassen zu machen.<\/span><\/p>\t\t\t\t\t\t<\/div>\n\t\t\t\t<\/div>\n\t\t\t\t<div class=\"elementor-element elementor-element-60fb3a1 elementor-widget elementor-widget-heading\" data-id=\"60fb3a1\" data-element_type=\"widget\" data-widget_type=\"heading.default\">\n\t\t\t\t<div class=\"elementor-widget-container\">\n\t\t\t<h5 class=\"elementor-heading-title elementor-size-default\">Ghetto Novo<\/h5>\t\t<\/div>\n\t\t\t\t<\/div>\n\t\t\t\t<div class=\"elementor-element elementor-element-8b6d523 elementor-widget elementor-widget-text-editor\" data-id=\"8b6d523\" data-element_type=\"widget\" data-widget_type=\"text-editor.default\">\n\t\t\t\t<div class=\"elementor-widget-container\">\n\t\t\t\t\t\t\t<p><span style=\"font-size: 16px; color: var( --e-global-color-text ); font-family: var( --e-global-typography-text-font-family );\">Um das Ghetto Novo noch von einer anderen Seite zu betrachten, kann noch ein andere Weg eingeschlagen werden, allerdings endet auch dieser an einer Br\u00fccke mit Stufen und man bekommt nur einen kleinen Einblick.<\/span><\/p><p>Daf\u00fcr folgt man der Rio Terr\u00e0 San Leonadro und dann der Rio Terr\u00e0 Farsetti. Von der Rio Terr\u00e0 Farsetti biegt man links in die Calle Selle ein. Die Holzbr\u00fccke am Ende der Stra\u00dfe hat 9 relativ schmale, steile Stufen. Daher ist auch hier der Weg zu Ende \u2013 jedoch findet man auf dem Weg einige sch\u00f6ne Pl\u00e4tze zum Verweilen und Bestaunen.<\/p><p>Um wieder ein Vaporetto zu besteigen, kann\u00a0 man zum Ausgangspunkt zur\u00fcckgehen oder die Haltestelle San Marcuola nutzen.<\/p>\t\t\t\t\t\t<\/div>\n\t\t\t\t<\/div>\n\t\t\t\t\t<\/div>\n\t\t<\/div>\n\t\t\t\t\t\t\t<\/div>\n\t\t<\/section>\n\t\t\t\t<section class=\"has_eae_slider elementor-section elementor-top-section elementor-element elementor-element-d03b555 elementor-section-boxed elementor-section-height-default elementor-section-height-default\" data-eae-slider=\"88882\" data-id=\"d03b555\" data-element_type=\"section\">\n\t\t\t\t\t\t<div class=\"elementor-container elementor-column-gap-default\">\n\t\t\t\t\t<div class=\"has_eae_slider elementor-column elementor-col-100 elementor-top-column elementor-element elementor-element-fcf6104\" data-eae-slider=\"97740\" data-id=\"fcf6104\" data-element_type=\"column\">\n\t\t\t<div class=\"elementor-widget-wrap elementor-element-populated\">\n\t\t\t\t\t\t\t\t<div class=\"elementor-element elementor-element-0e2ca24 elementor-widget elementor-widget-html\" data-id=\"0e2ca24\" data-element_type=\"widget\" data-widget_type=\"html.default\">\n\t\t\t\t<div class=\"elementor-widget-container\">\n\t\t\t<div class=\"BorlabsCookie _brlbs-cb-default\"><div class=\"_brlbs-content-blocker\"> <div class=\"_brlbs-default\"> <p>Clicca il pulsante qui sotto per scaricare il contenuto di www.komoot.de.<\/p> <p><a class=\"_brlbs-btn\" href=\"#\" data-borlabs-cookie-unblock role=\"button\">Contenuto del carico<\/a><\/p> <\/div> <\/div><div class=\"borlabs-hide\" data-borlabs-cookie-type=\"content-blocker\" data-borlabs-cookie-id=\"default\"><script type=\"text\/template\">PGlmcmFtZSBzcmM9Imh0dHBzOi8vd3d3LmtvbW9vdC5kZS90b3VyLzI2NDU0MTUyMS9lbWJlZCIgd2lkdGg9IjEwMCUiIGhlaWdodD0iNDgwIiBmcmFtZWJvcmRlcj0iMCIgc2Nyb2xsaW5nPSJubyI+PC9pZnJhbWU+<\/script><\/div><\/div>\t\t<\/div>\n\t\t\t\t<\/div>\n\t\t\t\t\t<\/div>\n\t\t<\/div>\n\t\t\t\t\t\t\t<\/div>\n\t\t<\/section>\n\t\t\t\t<section class=\"has_eae_slider elementor-section elementor-top-section elementor-element elementor-element-e889c3e elementor-section-boxed elementor-section-height-default elementor-section-height-default\" data-eae-slider=\"23215\" data-id=\"e889c3e\" data-element_type=\"section\">\n\t\t\t\t\t\t<div class=\"elementor-container elementor-column-gap-default\">\n\t\t\t\t\t<div class=\"has_eae_slider elementor-column elementor-col-100 elementor-top-column elementor-element elementor-element-13ae91f\" data-eae-slider=\"28151\" data-id=\"13ae91f\" data-element_type=\"column\">\n\t\t\t<div class=\"elementor-widget-wrap elementor-element-populated\">\n\t\t\t\t\t\t\t\t<div class=\"elementor-element elementor-element-4227e17 elementor-widget elementor-widget-heading\" data-id=\"4227e17\" data-element_type=\"widget\" data-widget_type=\"heading.default\">\n\t\t\t\t<div class=\"elementor-widget-container\">\n\t\t\t<h2 class=\"elementor-heading-title elementor-size-default\">Anfahrt C\u00e0 d'Oro und Umgebung<\/h2>\t\t<\/div>\n\t\t\t\t<\/div>\n\t\t\t\t<div class=\"elementor-element elementor-element-61b0b26 elementor-widget-divider--view-line elementor-widget elementor-widget-divider\" data-id=\"61b0b26\" data-element_type=\"widget\" data-widget_type=\"divider.default\">\n\t\t\t\t<div class=\"elementor-widget-container\">\n\t\t\t\t\t<div class=\"elementor-divider\">\n\t\t\t<span class=\"elementor-divider-separator\">\n\t\t\t\t\t\t<\/span>\n\t\t<\/div>\n\t\t\t\t<\/div>\n\t\t\t\t<\/div>\n\t\t\t\t<div class=\"elementor-element elementor-element-3680c02 elementor-widget elementor-widget-heading\" data-id=\"3680c02\" data-element_type=\"widget\" data-widget_type=\"heading.default\">\n\t\t\t\t<div class=\"elementor-widget-container\">\n\t\t\t<h5 class=\"elementor-heading-title elementor-size-default\">Cannaregio Ost<\/h5>\t\t<\/div>\n\t\t\t\t<\/div>\n\t\t\t\t\t<\/div>\n\t\t<\/div>\n\t\t\t\t\t\t\t<\/div>\n\t\t<\/section>\n\t\t\t\t<section class=\"has_eae_slider elementor-section elementor-top-section elementor-element elementor-element-6614eda elementor-section-boxed elementor-section-height-default elementor-section-height-default\" data-eae-slider=\"86925\" data-id=\"6614eda\" data-element_type=\"section\">\n\t\t\t\t\t\t<div class=\"elementor-container elementor-column-gap-default\">\n\t\t\t\t\t<div class=\"has_eae_slider elementor-column elementor-col-66 elementor-top-column elementor-element elementor-element-125cc8d\" data-eae-slider=\"61465\" data-id=\"125cc8d\" data-element_type=\"column\">\n\t\t\t<div class=\"elementor-widget-wrap elementor-element-populated\">\n\t\t\t\t\t\t\t\t<div class=\"elementor-element elementor-element-8bd17e2 elementor-widget elementor-widget-text-editor\" data-id=\"8bd17e2\" data-element_type=\"widget\" data-widget_type=\"text-editor.default\">\n\t\t\t\t<div class=\"elementor-widget-container\">\n\t\t\t\t\t\t\t<p><span style=\"font-size: 16px; color: var( --e-global-color-text ); font-family: var( --e-global-typography-text-font-family );\">Von der Anlegestelle Piazzale Roma kann die Linien 1 genutzt werden, um die Haltestelle Ca&#8216; D&#8217;Oro zu erreichen. Dabei ist darauf zu achten, auf welcher Seite des Canale Grande man aussteigen m\u00f6chte, da nicht alle Haltestellen bei jeder Tour der Linie gleicherma\u00dfen angefahren werden.<\/span><\/p><p>Wenn man von Tronchetto aus in Richtung Ca&#8216; d&#8217;Oro starten m\u00f6chte, kann man mit der Linie 2 bis zur Piazzale Roma fahren und dort in die Linie 1 umsteigen.<\/p>\t\t\t\t\t\t<\/div>\n\t\t\t\t<\/div>\n\t\t\t\t<div class=\"elementor-element elementor-element-25c2ed7 elementor-widget elementor-widget-button\" data-id=\"25c2ed7\" data-element_type=\"widget\" data-widget_type=\"button.default\">\n\t\t\t\t<div class=\"elementor-widget-container\">\n\t\t\t\t\t<div class=\"elementor-button-wrapper\">\n\t\t\t<a class=\"elementor-button elementor-button-link elementor-size-md\" href=\"https:\/\/www.visit-venice-italy.com\/water-bus-venice-line-1.html\" target=\"_blank\" rel=\"nofollow noopener\">\n\t\t\t\t\t\t<span class=\"elementor-button-content-wrapper\">\n\t\t\t\t\t\t<span class=\"elementor-button-text\">Orario linea 1<\/span>\n\t\t<\/span>\n\t\t\t\t\t<\/a>\n\t\t<\/div>\n\t\t\t\t<\/div>\n\t\t\t\t<\/div>\n\t\t\t\t\t<\/div>\n\t\t<\/div>\n\t\t\t\t<div class=\"has_eae_slider elementor-column elementor-col-33 elementor-top-column elementor-element elementor-element-f34b736\" data-eae-slider=\"47272\" data-id=\"f34b736\" data-element_type=\"column\">\n\t\t\t<div class=\"elementor-widget-wrap\">\n\t\t\t\t\t\t\t\t\t<\/div>\n\t\t<\/div>\n\t\t\t\t\t\t\t<\/div>\n\t\t<\/section>\n\t\t\t\t<section class=\"has_eae_slider elementor-section elementor-top-section elementor-element elementor-element-6f26676 elementor-section-boxed elementor-section-height-default elementor-section-height-default\" data-eae-slider=\"32303\" data-id=\"6f26676\" data-element_type=\"section\">\n\t\t\t\t\t\t<div class=\"elementor-container elementor-column-gap-default\">\n\t\t\t\t\t<div class=\"has_eae_slider elementor-column elementor-col-100 elementor-top-column elementor-element elementor-element-79a02cb\" data-eae-slider=\"58750\" data-id=\"79a02cb\" data-element_type=\"column\">\n\t\t\t<div class=\"elementor-widget-wrap elementor-element-populated\">\n\t\t\t\t\t\t\t\t<div class=\"elementor-element elementor-element-1844f54 elementor-widget elementor-widget-heading\" data-id=\"1844f54\" data-element_type=\"widget\" data-widget_type=\"heading.default\">\n\t\t\t\t<div class=\"elementor-widget-container\">\n\t\t\t<h3 class=\"elementor-heading-title elementor-size-default\">Tour: C\u00e0 d'Oro und Umgebung<\/h3>\t\t<\/div>\n\t\t\t\t<\/div>\n\t\t\t\t<div class=\"elementor-element elementor-element-ad0fdb9 elementor-widget-divider--view-line elementor-widget elementor-widget-divider\" data-id=\"ad0fdb9\" data-element_type=\"widget\" data-widget_type=\"divider.default\">\n\t\t\t\t<div class=\"elementor-widget-container\">\n\t\t\t\t\t<div class=\"elementor-divider\">\n\t\t\t<span class=\"elementor-divider-separator\">\n\t\t\t\t\t\t<\/span>\n\t\t<\/div>\n\t\t\t\t<\/div>\n\t\t\t\t<\/div>\n\t\t\t\t<div class=\"elementor-element elementor-element-4a9a5ff elementor-widget elementor-widget-heading\" data-id=\"4a9a5ff\" data-element_type=\"widget\" data-widget_type=\"heading.default\">\n\t\t\t\t<div class=\"elementor-widget-container\">\n\t\t\t<h5 class=\"elementor-heading-title elementor-size-default\">Suggerimento 2<\/h5>\t\t<\/div>\n\t\t\t\t<\/div>\n\t\t\t\t\t<\/div>\n\t\t<\/div>\n\t\t\t\t\t\t\t<\/div>\n\t\t<\/section>\n\t\t\t\t<section class=\"has_eae_slider elementor-section elementor-top-section elementor-element elementor-element-53962d8 elementor-section-boxed elementor-section-height-default elementor-section-height-default\" data-eae-slider=\"58732\" data-id=\"53962d8\" data-element_type=\"section\">\n\t\t\t\t\t\t<div class=\"elementor-container elementor-column-gap-default\">\n\t\t\t\t\t<div class=\"has_eae_slider elementor-column elementor-col-33 elementor-top-column elementor-element elementor-element-2b9bc0b\" data-eae-slider=\"20832\" data-id=\"2b9bc0b\" data-element_type=\"column\">\n\t\t\t<div class=\"elementor-widget-wrap elementor-element-populated\">\n\t\t\t\t\t\t\t\t<div class=\"elementor-element elementor-element-5e1c104 elementor-widget elementor-widget-gallery\" data-id=\"5e1c104\" data-element_type=\"widget\" data-settings=\"{&quot;gallery_layout&quot;:&quot;justified&quot;,&quot;ideal_row_height&quot;:{&quot;unit&quot;:&quot;px&quot;,&quot;size&quot;:312,&quot;sizes&quot;:[]},&quot;gap&quot;:{&quot;unit&quot;:&quot;px&quot;,&quot;size&quot;:15,&quot;sizes&quot;:[]},&quot;overlay_description&quot;:&quot;description&quot;,&quot;lazyload&quot;:&quot;yes&quot;,&quot;ideal_row_height_tablet&quot;:{&quot;unit&quot;:&quot;px&quot;,&quot;size&quot;:150,&quot;sizes&quot;:[]},&quot;ideal_row_height_mobile&quot;:{&quot;unit&quot;:&quot;px&quot;,&quot;size&quot;:150,&quot;sizes&quot;:[]},&quot;gap_tablet&quot;:{&quot;unit&quot;:&quot;px&quot;,&quot;size&quot;:10,&quot;sizes&quot;:[]},&quot;gap_mobile&quot;:{&quot;unit&quot;:&quot;px&quot;,&quot;size&quot;:10,&quot;sizes&quot;:[]},&quot;link_to&quot;:&quot;file&quot;,&quot;overlay_background&quot;:&quot;yes&quot;,&quot;content_hover_animation&quot;:&quot;fade-in&quot;}\" data-widget_type=\"gallery.default\">\n\t\t\t\t<div class=\"elementor-widget-container\">\n\t\t\t\t\t<div class=\"elementor-gallery__container\">\n\t\t\t\t\t\t\t<a class=\"e-gallery-item elementor-gallery-item elementor-animated-content\" href=\"https:\/\/wheelchair-tours.org\/wp-content\/uploads\/2020\/09\/Wheelchair_tours_Rollstuhl_Wandern_Blog_Venedig_barrierefrei_ca_doro_pixabay-dezalb.jpg\" data-elementor-open-lightbox=\"yes\" data-elementor-lightbox-slideshow=\"all-5e1c104\" data-elementor-lightbox-title=\"Wheelchair_tours_Rollstuhl_Wandern_Blog_Venedig_barrierefrei_ca_doro_pixabay-dezalb\" data-elementor-lightbox-description=\"\u00a9 Dezalb on pixabay\" data-e-action-hash=\"#elementor-action%3Aaction%3Dlightbox%26settings%3DeyJpZCI6NTQ1OSwidXJsIjoiaHR0cHM6XC9cL3doZWVsY2hhaXItdG91cnMub3JnXC93cC1jb250ZW50XC91cGxvYWRzXC8yMDIwXC8wOVwvV2hlZWxjaGFpcl90b3Vyc19Sb2xsc3R1aGxfV2FuZGVybl9CbG9nX1ZlbmVkaWdfYmFycmllcmVmcmVpX2NhX2Rvcm9fcGl4YWJheS1kZXphbGIuanBnIiwic2xpZGVzaG93IjoiYWxsLTVlMWMxMDQifQ%3D%3D\">\n\t\t\t\t\t<div class=\"e-gallery-image elementor-gallery-item__image\" data-thumbnail=\"https:\/\/wheelchair-tours.org\/wp-content\/uploads\/2020\/09\/Wheelchair_tours_Rollstuhl_Wandern_Blog_Venedig_barrierefrei_ca_doro_pixabay-dezalb.jpg\" data-width=\"640\" data-height=\"400\" alt=\"\" ><\/div>\n\t\t\t\t\t\t\t\t\t\t\t<div class=\"elementor-gallery-item__overlay\"><\/div>\n\t\t\t\t\t\t\t\t\t\t\t\t\t\t\t<div class=\"elementor-gallery-item__content\">\n\t\t\t\t\t\t\t\t\t\t\t\t\t\t<div class=\"elementor-gallery-item__description\">\n\t\t\t\t\t\t\t\t\t\t\t\t\t\t\t\t\t\t\u00a9 Dezalb on pixabay\t\t\t\t\t\t\t\t<\/div>\n\t\t\t\t\t\t\t\t\t\t\t\t<\/div>\n\t\t\t\t\t\t\t\t\t<\/a>\n\t\t\t\t\t\t\t<a class=\"e-gallery-item elementor-gallery-item elementor-animated-content\" href=\"https:\/\/wheelchair-tours.org\/wp-content\/uploads\/2020\/09\/Wheelchair_tours_Rollstuhl_Wandern_Blog_Venedig_barrierefrei_ca_doro_von-vorne-pixabay-dezalb.jpg\" data-elementor-open-lightbox=\"yes\" data-elementor-lightbox-slideshow=\"all-5e1c104\" data-elementor-lightbox-title=\"Wheelchair_tours_Rollstuhl_Wandern_Blog_Venedig_barrierefrei_ca_doro_von-vorne-pixabay-dezalb\" data-elementor-lightbox-description=\"\u00a9 Dezalb \/ pixabay\" data-e-action-hash=\"#elementor-action%3Aaction%3Dlightbox%26settings%3DeyJpZCI6NTQ2MCwidXJsIjoiaHR0cHM6XC9cL3doZWVsY2hhaXItdG91cnMub3JnXC93cC1jb250ZW50XC91cGxvYWRzXC8yMDIwXC8wOVwvV2hlZWxjaGFpcl90b3Vyc19Sb2xsc3R1aGxfV2FuZGVybl9CbG9nX1ZlbmVkaWdfYmFycmllcmVmcmVpX2NhX2Rvcm9fdm9uLXZvcm5lLXBpeGFiYXktZGV6YWxiLmpwZyIsInNsaWRlc2hvdyI6ImFsbC01ZTFjMTA0In0%3D\">\n\t\t\t\t\t<div class=\"e-gallery-image elementor-gallery-item__image\" data-thumbnail=\"https:\/\/wheelchair-tours.org\/wp-content\/uploads\/2020\/09\/Wheelchair_tours_Rollstuhl_Wandern_Blog_Venedig_barrierefrei_ca_doro_von-vorne-pixabay-dezalb.jpg\" data-width=\"640\" data-height=\"400\" alt=\"\" ><\/div>\n\t\t\t\t\t\t\t\t\t\t\t<div class=\"elementor-gallery-item__overlay\"><\/div>\n\t\t\t\t\t\t\t\t\t\t\t\t\t\t\t<div class=\"elementor-gallery-item__content\">\n\t\t\t\t\t\t\t\t\t\t\t\t\t\t<div class=\"elementor-gallery-item__description\">\n\t\t\t\t\t\t\t\t\t\t\t\t\t\t\t\t\t\t\u00a9 Dezalb \/ pixabay\t\t\t\t\t\t\t\t<\/div>\n\t\t\t\t\t\t\t\t\t\t\t\t<\/div>\n\t\t\t\t\t\t\t\t\t<\/a>\n\t\t\t\t\t<\/div>\n\t\t\t<\/div>\n\t\t\t\t<\/div>\n\t\t\t\t\t<\/div>\n\t\t<\/div>\n\t\t\t\t<div class=\"has_eae_slider elementor-column elementor-col-66 elementor-top-column elementor-element elementor-element-abb22bb\" data-eae-slider=\"93793\" data-id=\"abb22bb\" data-element_type=\"column\">\n\t\t\t<div class=\"elementor-widget-wrap elementor-element-populated\">\n\t\t\t\t\t\t\t\t<div class=\"elementor-element elementor-element-a68abb1 elementor-widget elementor-widget-heading\" data-id=\"a68abb1\" data-element_type=\"widget\" data-widget_type=\"heading.default\">\n\t\t\t\t<div class=\"elementor-widget-container\">\n\t\t\t<h5 class=\"elementor-heading-title elementor-size-default\">Palazzo C\u00e0 d'Oro<\/h5>\t\t<\/div>\n\t\t\t\t<\/div>\n\t\t\t\t<div class=\"elementor-element elementor-element-0f1d87f elementor-widget elementor-widget-text-editor\" data-id=\"0f1d87f\" data-element_type=\"widget\" data-widget_type=\"text-editor.default\">\n\t\t\t\t<div class=\"elementor-widget-container\">\n\t\t\t\t\t\t\t<p>Nach nur wenigen\u00a0 Metern hinter der Haltestelle erreichen wir bereits den Palast <b>C\u00e0 d&#8217;Oro<\/b>, dessen Name von der urspr\u00fcnglich mit Gold \u00fcberzogenen Fassade abgeleitet wurde. Der Palast ist ein eindrucksvolles Beispiel f\u00fcr die venezianisch- gotische Architektur der 1400er Jahre und ist teilweise orientalisch inspiriert. Hier befindet sich auch die <b>Galerie\u00a0<\/b><span style=\"font-size: 16px; color: var( --e-global-color-text ); font-family: var( --e-global-typography-text-font-family );\"><b>Franchetti<\/b>, welche sich auf 2 Etagen aufteilt. Um die Galerie zu betreten muss eine 12 cm hohe Stufe \u00fcberwunden werden. Das Personal ist hier jederzeit behilflich. Der Zugang zum oberen Stockwerk, in dem sich die Ausstellung befindet, ist \u00fcber einen Aufzug m\u00f6glich. Ebenso sind die Toiletten auf beiden Stockwerken barrierefrei.<\/span><\/p>\t\t\t\t\t\t<\/div>\n\t\t\t\t<\/div>\n\t\t\t\t<div class=\"elementor-element elementor-element-f4027b3 elementor-widget elementor-widget-heading\" data-id=\"f4027b3\" data-element_type=\"widget\" data-widget_type=\"heading.default\">\n\t\t\t\t<div class=\"elementor-widget-container\">\n\t\t\t<h5 class=\"elementor-heading-title elementor-size-default\">Campo & Kirche Santa Sofia<\/h5>\t\t<\/div>\n\t\t\t\t<\/div>\n\t\t\t\t<div class=\"elementor-element elementor-element-71017da elementor-widget elementor-widget-text-editor\" data-id=\"71017da\" data-element_type=\"widget\" data-widget_type=\"text-editor.default\">\n\t\t\t\t<div class=\"elementor-widget-container\">\n\t\t\t\t\t\t\t<p><span style=\"font-size: 16px; color: var( --e-global-color-text ); font-family: var( --e-global-typography-text-font-family );\">Wenn man beim Verlassen der Gallerie nach rechts geht, erreicht man die <\/span><b style=\"font-style: inherit; color: var( --e-global-color-text ); font-family: var( --e-global-typography-text-font-family );\">Strada Nova<\/b><span style=\"font-size: 16px; color: var( --e-global-color-text ); font-family: var( --e-global-typography-text-font-family );\">. Von hier rechts abbiegend erreicht man den <\/span><b style=\"font-style: inherit; color: var( --e-global-color-text ); font-family: var( --e-global-typography-text-font-family );\">Campo Santa Sofia<\/b><span style=\"font-size: 16px; color: var( --e-global-color-text ); font-family: var( --e-global-typography-text-font-family );\">, welcher auf der einen Seite vom gotischen <\/span><b style=\"font-style: inherit; color: var( --e-global-color-text ); font-family: var( --e-global-typography-text-font-family );\">Palazzo Foscari<\/b><span style=\"font-size: 16px; color: var( --e-global-color-text ); font-family: var( --e-global-typography-text-font-family );\"> und auf der anderen Seite vom <\/span><b style=\"font-style: inherit; color: var( --e-global-color-text ); font-family: var( --e-global-typography-text-font-family );\">Palazzo Sagredo<\/b><span style=\"font-size: 16px; color: var( --e-global-color-text ); font-family: var( --e-global-typography-text-font-family );\"> eingerahmt ist. Auf der anderen Stra\u00dfenseite der Strada Nova befindet sich die <\/span><b style=\"font-style: inherit; color: var( --e-global-color-text ); font-family: var( --e-global-typography-text-font-family );\">Kirche Santa Sofia<\/b><span style=\"font-size: 16px; color: var( --e-global-color-text ); font-family: var( --e-global-typography-text-font-family );\">. Allerdings sieht man nur die Turmspitze, da die Kirche hinter den H\u00e4usern etwas versteckt ist. Die Kirche wurde um das Jahr 1000 erbaut und im 17. Jahrhundert renoviert. Im Inneren k\u00f6nnen Werke von Bottega di Bassano, Heinz und Palma il Giovane bewundert werden. Es gibt zwei Eing\u00e4nge: den Haupteingang in der Strada Nova mit einer Stufe von 2 cm auf der Stra\u00dfenseite und 18 cm in die Kirche, w\u00e4hrend der Seiteneingang in der Calle del Cristo, den man \u00fcber die Ramo dell&#8217;Oca erreicht, keine Stufen hat.<\/span><\/p>\t\t\t\t\t\t<\/div>\n\t\t\t\t<\/div>\n\t\t\t\t\t<\/div>\n\t\t<\/div>\n\t\t\t\t\t\t\t<\/div>\n\t\t<\/section>\n\t\t\t\t<section class=\"has_eae_slider elementor-section elementor-top-section elementor-element elementor-element-111a1da elementor-section-boxed elementor-section-height-default elementor-section-height-default\" data-eae-slider=\"51154\" data-id=\"111a1da\" data-element_type=\"section\">\n\t\t\t\t\t\t<div class=\"elementor-container elementor-column-gap-default\">\n\t\t\t\t\t<div class=\"has_eae_slider elementor-column elementor-col-66 elementor-top-column elementor-element elementor-element-f23577e\" data-eae-slider=\"67804\" data-id=\"f23577e\" data-element_type=\"column\">\n\t\t\t<div class=\"elementor-widget-wrap elementor-element-populated\">\n\t\t\t\t\t\t\t\t<div class=\"elementor-element elementor-element-ff5dfda elementor-widget elementor-widget-heading\" data-id=\"ff5dfda\" data-element_type=\"widget\" data-widget_type=\"heading.default\">\n\t\t\t\t<div class=\"elementor-widget-container\">\n\t\t\t<h5 class=\"elementor-heading-title elementor-size-default\">Campi dei Santi Apostoli<\/h5>\t\t<\/div>\n\t\t\t\t<\/div>\n\t\t\t\t<div class=\"elementor-element elementor-element-b8a8e0b elementor-widget elementor-widget-text-editor\" data-id=\"b8a8e0b\" data-element_type=\"widget\" data-widget_type=\"text-editor.default\">\n\t\t\t\t<div class=\"elementor-widget-container\">\n\t\t\t\t\t\t\t<p><span style=\"font-size: 16px; color: var( --e-global-color-text ); font-family: var( --e-global-typography-text-font-family );\">Weiter der Stra\u00dfe Strada Nova folgend erreicht man auf der rechten Seite die G\u00e4rten des <\/span><b style=\"font-style: inherit; color: var( --e-global-color-text ); font-family: var( --e-global-typography-text-font-family );\">Palazzo Mangilli-Valmarana<\/b><span style=\"font-size: 16px; color: var( --e-global-color-text ); font-family: var( --e-global-typography-text-font-family );\">, ein klassischer Palast aus dem Jahr 1751, der von Antonio Vicentini erbaut wurde. Am Ende der Strada Nova erreicht man den <\/span><b style=\"font-style: inherit; color: var( --e-global-color-text ); font-family: var( --e-global-typography-text-font-family );\">Campo dei Santi Apostoli<\/b><span style=\"font-size: 16px; color: var( --e-global-color-text ); font-family: var( --e-global-typography-text-font-family );\">, einer der ersten Niederlassungen auf den venezianischen Inseln. Der Platz wird eingerahmt von der <\/span><b style=\"font-style: inherit; color: var( --e-global-color-text ); font-family: var( --e-global-typography-text-font-family );\">Kirche Santi Apostoli<\/b><span style=\"font-size: 16px; color: var( --e-global-color-text ); font-family: var( --e-global-typography-text-font-family );\"> und der <\/span><b style=\"font-style: inherit; color: var( --e-global-color-text ); font-family: var( --e-global-typography-text-font-family );\">Scuola dell&#8217;Angelo Custode<\/b><span style=\"font-size: 16px; color: var( --e-global-color-text ); font-family: var( --e-global-typography-text-font-family );\">.\u00a0<\/span><\/p><p>Die Kirche wurde immer wieder restauriert, weist aber immer noch den urspr\u00fcnglichen einschiffigen Grundriss aus dem 16ten Jahrhundert auf. Besonders interessant ist die <b>Eckkapelle von Mauro Codussi,<\/b> der einzige Teil der Kirche, der aus dem 15ten Jahrhundert stammt und bis heute \u00fcberlebt hat. Um die Kapelle zu erreichen m\u00fcssen zwei Stufen \u00fcberwunden werden.<\/p>\t\t\t\t\t\t<\/div>\n\t\t\t\t<\/div>\n\t\t\t\t<div class=\"elementor-element elementor-element-d18d44b elementor-widget elementor-widget-heading\" data-id=\"d18d44b\" data-element_type=\"widget\" data-widget_type=\"heading.default\">\n\t\t\t\t<div class=\"elementor-widget-container\">\n\t\t\t<h5 class=\"elementor-heading-title elementor-size-default\">Scuola dell'Angelo Custode & Kino Giorgione<\/h5>\t\t<\/div>\n\t\t\t\t<\/div>\n\t\t\t\t<div class=\"elementor-element elementor-element-70902ef elementor-widget elementor-widget-text-editor\" data-id=\"70902ef\" data-element_type=\"widget\" data-widget_type=\"text-editor.default\">\n\t\t\t\t<div class=\"elementor-widget-container\">\n\t\t\t\t\t\t\t<p><span style=\"font-size: 16px; color: var( --e-global-color-text ); font-family: var( --e-global-typography-text-font-family );\">Die Scuola dell&#8217;Angelo Custode, die 1713 von Andrea Tirali designt wurde, wurde von den Kaufleuten des Fontego die Tedeschi gekauft. Gegenw\u00e4rtig ist es der Sitz der Evangelisch-Lutherischen Kirche. Interessant ist der <\/span><b style=\"font-style: inherit; color: var( --e-global-color-text ); font-family: var( --e-global-typography-text-font-family );\">marmorne Schutzengel<\/b><span style=\"font-size: 16px; color: var( --e-global-color-text ); font-family: var( --e-global-typography-text-font-family );\"> von Heinrich Meyring, der das Portal des Geb\u00e4udes schm\u00fcckt. Der Eingang hat eine 18 cm hohe Stufe. Am Platz befindet sich auch das <\/span><b style=\"font-style: inherit; color: var( --e-global-color-text ); font-family: var( --e-global-typography-text-font-family );\">Kino Giorgione<\/b><span style=\"font-size: 16px; color: var( --e-global-color-text ); font-family: var( --e-global-typography-text-font-family );\">. Daf\u00fcr geht man vom Campo die Salizzada del Pistor und die Rio Terr\u00e0 dei Franceschi entlang.<\/span><\/p>\t\t\t\t\t\t<\/div>\n\t\t\t\t<\/div>\n\t\t\t\t\t<\/div>\n\t\t<\/div>\n\t\t\t\t<div class=\"has_eae_slider elementor-column elementor-col-33 elementor-top-column elementor-element elementor-element-06636a9\" data-eae-slider=\"93401\" data-id=\"06636a9\" data-element_type=\"column\">\n\t\t\t<div class=\"elementor-widget-wrap elementor-element-populated\">\n\t\t\t\t\t\t\t\t<div class=\"elementor-element elementor-element-1bc4c94 elementor-widget elementor-widget-gallery\" data-id=\"1bc4c94\" data-element_type=\"widget\" data-settings=\"{&quot;gallery_layout&quot;:&quot;justified&quot;,&quot;ideal_row_height&quot;:{&quot;unit&quot;:&quot;px&quot;,&quot;size&quot;:312,&quot;sizes&quot;:[]},&quot;gap&quot;:{&quot;unit&quot;:&quot;px&quot;,&quot;size&quot;:15,&quot;sizes&quot;:[]},&quot;overlay_description&quot;:&quot;description&quot;,&quot;lazyload&quot;:&quot;yes&quot;,&quot;ideal_row_height_tablet&quot;:{&quot;unit&quot;:&quot;px&quot;,&quot;size&quot;:150,&quot;sizes&quot;:[]},&quot;ideal_row_height_mobile&quot;:{&quot;unit&quot;:&quot;px&quot;,&quot;size&quot;:150,&quot;sizes&quot;:[]},&quot;gap_tablet&quot;:{&quot;unit&quot;:&quot;px&quot;,&quot;size&quot;:10,&quot;sizes&quot;:[]},&quot;gap_mobile&quot;:{&quot;unit&quot;:&quot;px&quot;,&quot;size&quot;:10,&quot;sizes&quot;:[]},&quot;link_to&quot;:&quot;file&quot;,&quot;overlay_background&quot;:&quot;yes&quot;,&quot;content_hover_animation&quot;:&quot;fade-in&quot;}\" data-widget_type=\"gallery.default\">\n\t\t\t\t<div class=\"elementor-widget-container\">\n\t\t\t\t\t<div class=\"elementor-gallery__container\">\n\t\t\t\t\t\t\t<a class=\"e-gallery-item elementor-gallery-item elementor-animated-content\" href=\"https:\/\/wheelchair-tours.org\/wp-content\/uploads\/2020\/09\/Wheelchair_tours_Rollstuhl_Wandern_Blog_Venedig_barrierefrei_kanal-mit-booten-unsplash-imad-abdulkarim.jpg\" data-elementor-open-lightbox=\"yes\" data-elementor-lightbox-slideshow=\"all-1bc4c94\" data-elementor-lightbox-title=\"Wheelchair_tours_Rollstuhl_Wandern_Blog_Venedig_barrierefrei_kanal-mit-booten-unsplash-imad-abdulkarim\" data-elementor-lightbox-description=\" \u00a9  Imad Abdulkarum \/unsplash\" data-e-action-hash=\"#elementor-action%3Aaction%3Dlightbox%26settings%3DeyJpZCI6NTQ2NSwidXJsIjoiaHR0cHM6XC9cL3doZWVsY2hhaXItdG91cnMub3JnXC93cC1jb250ZW50XC91cGxvYWRzXC8yMDIwXC8wOVwvV2hlZWxjaGFpcl90b3Vyc19Sb2xsc3R1aGxfV2FuZGVybl9CbG9nX1ZlbmVkaWdfYmFycmllcmVmcmVpX2thbmFsLW1pdC1ib290ZW4tdW5zcGxhc2gtaW1hZC1hYmR1bGthcmltLmpwZyIsInNsaWRlc2hvdyI6ImFsbC0xYmM0Yzk0In0%3D\">\n\t\t\t\t\t<div class=\"e-gallery-image elementor-gallery-item__image\" data-thumbnail=\"https:\/\/wheelchair-tours.org\/wp-content\/uploads\/2020\/09\/Wheelchair_tours_Rollstuhl_Wandern_Blog_Venedig_barrierefrei_kanal-mit-booten-unsplash-imad-abdulkarim.jpg\" data-width=\"640\" data-height=\"400\" alt=\"\" ><\/div>\n\t\t\t\t\t\t\t\t\t\t\t<div class=\"elementor-gallery-item__overlay\"><\/div>\n\t\t\t\t\t\t\t\t\t\t\t\t\t\t\t<div class=\"elementor-gallery-item__content\">\n\t\t\t\t\t\t\t\t\t\t\t\t\t\t<div class=\"elementor-gallery-item__description\">\n\t\t\t\t\t\t\t\t\t\t\t\t\t\t\t\t\t\t \u00a9  Imad Abdulkarum \/unsplash\n\t\t\t\t\t\t\t\t<\/div>\n\t\t\t\t\t\t\t\t\t\t\t\t<\/div>\n\t\t\t\t\t\t\t\t\t<\/a>\n\t\t\t\t\t\t\t<a class=\"e-gallery-item elementor-gallery-item elementor-animated-content\" href=\"https:\/\/wheelchair-tours.org\/wp-content\/uploads\/2020\/03\/Wheelchair_tours_Rollstuhl_Wandern_Blog_Venedig_barrierefrei_Murano_Baumi.jpg\" data-elementor-open-lightbox=\"yes\" data-elementor-lightbox-slideshow=\"all-1bc4c94\" data-elementor-lightbox-description=\"\u00a9 Sabrina Siemons\" data-e-action-hash=\"#elementor-action%3Aaction%3Dlightbox%26settings%3DeyJpZCI6NDM2NCwidXJsIjoiaHR0cHM6XC9cL3doZWVsY2hhaXItdG91cnMub3JnXC93cC1jb250ZW50XC91cGxvYWRzXC8yMDIwXC8wM1wvV2hlZWxjaGFpcl90b3Vyc19Sb2xsc3R1aGxfV2FuZGVybl9CbG9nX1ZlbmVkaWdfYmFycmllcmVmcmVpX011cmFub19CYXVtaS5qcGciLCJzbGlkZXNob3ciOiJhbGwtMWJjNGM5NCJ9\">\n\t\t\t\t\t<div class=\"e-gallery-image elementor-gallery-item__image\" data-thumbnail=\"https:\/\/wheelchair-tours.org\/wp-content\/uploads\/2020\/03\/Wheelchair_tours_Rollstuhl_Wandern_Blog_Venedig_barrierefrei_Murano_Baumi.jpg\" data-width=\"640\" data-height=\"400\" alt=\"\" ><\/div>\n\t\t\t\t\t\t\t\t\t\t\t<div class=\"elementor-gallery-item__overlay\"><\/div>\n\t\t\t\t\t\t\t\t\t\t\t\t\t\t\t<div class=\"elementor-gallery-item__content\">\n\t\t\t\t\t\t\t\t\t\t\t\t\t\t<div class=\"elementor-gallery-item__description\">\n\t\t\t\t\t\t\t\t\t\t\t\t\t\t\t\t\t\t\u00a9 Sabrina Siemons\t\t\t\t\t\t\t\t<\/div>\n\t\t\t\t\t\t\t\t\t\t\t\t<\/div>\n\t\t\t\t\t\t\t\t\t<\/a>\n\t\t\t\t\t<\/div>\n\t\t\t<\/div>\n\t\t\t\t<\/div>\n\t\t\t\t\t<\/div>\n\t\t<\/div>\n\t\t\t\t\t\t\t<\/div>\n\t\t<\/section>\n\t\t\t\t<section class=\"has_eae_slider elementor-section elementor-top-section elementor-element elementor-element-ba0d4e1 elementor-section-boxed elementor-section-height-default elementor-section-height-default\" data-eae-slider=\"16186\" data-id=\"ba0d4e1\" data-element_type=\"section\">\n\t\t\t\t\t\t<div class=\"elementor-container elementor-column-gap-default\">\n\t\t\t\t\t<div class=\"has_eae_slider elementor-column elementor-col-33 elementor-top-column elementor-element elementor-element-ae19e8a\" data-eae-slider=\"78739\" data-id=\"ae19e8a\" data-element_type=\"column\">\n\t\t\t<div class=\"elementor-widget-wrap elementor-element-populated\">\n\t\t\t\t\t\t\t\t<div class=\"elementor-element elementor-element-d803e5a elementor-widget elementor-widget-gallery\" data-id=\"d803e5a\" data-element_type=\"widget\" data-settings=\"{&quot;gallery_layout&quot;:&quot;justified&quot;,&quot;ideal_row_height&quot;:{&quot;unit&quot;:&quot;px&quot;,&quot;size&quot;:312,&quot;sizes&quot;:[]},&quot;gap&quot;:{&quot;unit&quot;:&quot;px&quot;,&quot;size&quot;:15,&quot;sizes&quot;:[]},&quot;overlay_description&quot;:&quot;description&quot;,&quot;lazyload&quot;:&quot;yes&quot;,&quot;ideal_row_height_tablet&quot;:{&quot;unit&quot;:&quot;px&quot;,&quot;size&quot;:150,&quot;sizes&quot;:[]},&quot;ideal_row_height_mobile&quot;:{&quot;unit&quot;:&quot;px&quot;,&quot;size&quot;:150,&quot;sizes&quot;:[]},&quot;gap_tablet&quot;:{&quot;unit&quot;:&quot;px&quot;,&quot;size&quot;:10,&quot;sizes&quot;:[]},&quot;gap_mobile&quot;:{&quot;unit&quot;:&quot;px&quot;,&quot;size&quot;:10,&quot;sizes&quot;:[]},&quot;link_to&quot;:&quot;file&quot;,&quot;overlay_background&quot;:&quot;yes&quot;,&quot;content_hover_animation&quot;:&quot;fade-in&quot;}\" data-widget_type=\"gallery.default\">\n\t\t\t\t<div class=\"elementor-widget-container\">\n\t\t\t\t\t<div class=\"elementor-gallery__container\">\n\t\t\t\t\t\t\t<a class=\"e-gallery-item elementor-gallery-item elementor-animated-content\" href=\"https:\/\/wheelchair-tours.org\/wp-content\/uploads\/2020\/09\/Wheelchair_tours_Rollstuhl_Wandern_Blog_Venedig_barrierefrei_ponte_chiodo-unsplash-daniel-corneschi.jpg\" data-elementor-open-lightbox=\"yes\" data-elementor-lightbox-slideshow=\"all-d803e5a\" data-elementor-lightbox-title=\"Wheelchair_tours_Rollstuhl_Wandern_Blog_Venedig_barrierefrei_ponte_chiodo-unsplash-daniel-corneschi\" data-elementor-lightbox-description=\"\u00a9 Daniel Corneschi \/ unsplash\" data-e-action-hash=\"#elementor-action%3Aaction%3Dlightbox%26settings%3DeyJpZCI6NTQ2OCwidXJsIjoiaHR0cHM6XC9cL3doZWVsY2hhaXItdG91cnMub3JnXC93cC1jb250ZW50XC91cGxvYWRzXC8yMDIwXC8wOVwvV2hlZWxjaGFpcl90b3Vyc19Sb2xsc3R1aGxfV2FuZGVybl9CbG9nX1ZlbmVkaWdfYmFycmllcmVmcmVpX3BvbnRlX2NoaW9kby11bnNwbGFzaC1kYW5pZWwtY29ybmVzY2hpLmpwZyIsInNsaWRlc2hvdyI6ImFsbC1kODAzZTVhIn0%3D\">\n\t\t\t\t\t<div class=\"e-gallery-image elementor-gallery-item__image\" data-thumbnail=\"https:\/\/wheelchair-tours.org\/wp-content\/uploads\/2020\/09\/Wheelchair_tours_Rollstuhl_Wandern_Blog_Venedig_barrierefrei_ponte_chiodo-unsplash-daniel-corneschi.jpg\" data-width=\"640\" data-height=\"400\" alt=\"\" ><\/div>\n\t\t\t\t\t\t\t\t\t\t\t<div class=\"elementor-gallery-item__overlay\"><\/div>\n\t\t\t\t\t\t\t\t\t\t\t\t\t\t\t<div class=\"elementor-gallery-item__content\">\n\t\t\t\t\t\t\t\t\t\t\t\t\t\t<div class=\"elementor-gallery-item__description\">\n\t\t\t\t\t\t\t\t\t\t\t\t\t\t\t\t\t\t\u00a9 Daniel Corneschi \/ unsplash\t\t\t\t\t\t\t\t<\/div>\n\t\t\t\t\t\t\t\t\t\t\t\t<\/div>\n\t\t\t\t\t\t\t\t\t<\/a>\n\t\t\t\t\t\t\t<a class=\"e-gallery-item elementor-gallery-item elementor-animated-content\" href=\"https:\/\/wheelchair-tours.org\/wp-content\/uploads\/2020\/03\/Wheelchair_tours_Rollstuhl_Wandern_Blog_Venedig_barrierefrei_Ausblick-vom-Wasser.jpg\" data-elementor-open-lightbox=\"yes\" data-elementor-lightbox-slideshow=\"all-d803e5a\" data-elementor-lightbox-title=\"Blick vom Vaporetto auf die H\u00e4user am Canal Grande\" data-elementor-lightbox-description=\"\u00a9 Wheelchair Tours\" data-e-action-hash=\"#elementor-action%3Aaction%3Dlightbox%26settings%3DeyJpZCI6NDM1NCwidXJsIjoiaHR0cHM6XC9cL3doZWVsY2hhaXItdG91cnMub3JnXC93cC1jb250ZW50XC91cGxvYWRzXC8yMDIwXC8wM1wvV2hlZWxjaGFpcl90b3Vyc19Sb2xsc3R1aGxfV2FuZGVybl9CbG9nX1ZlbmVkaWdfYmFycmllcmVmcmVpX0F1c2JsaWNrLXZvbS1XYXNzZXIuanBnIiwic2xpZGVzaG93IjoiYWxsLWQ4MDNlNWEifQ%3D%3D\">\n\t\t\t\t\t<div class=\"e-gallery-image elementor-gallery-item__image\" data-thumbnail=\"https:\/\/wheelchair-tours.org\/wp-content\/uploads\/2020\/03\/Wheelchair_tours_Rollstuhl_Wandern_Blog_Venedig_barrierefrei_Ausblick-vom-Wasser.jpg\" data-width=\"640\" data-height=\"400\" alt=\"Blick vom Vaporetto auf die H\u00e4user am Canal Grande\" ><\/div>\n\t\t\t\t\t\t\t\t\t\t\t<div class=\"elementor-gallery-item__overlay\"><\/div>\n\t\t\t\t\t\t\t\t\t\t\t\t\t\t\t<div class=\"elementor-gallery-item__content\">\n\t\t\t\t\t\t\t\t\t\t\t\t\t\t<div class=\"elementor-gallery-item__description\">\n\t\t\t\t\t\t\t\t\t\t\t\t\t\t\t\t\t\t\u00a9 Tour in sedia a rotelle\t\t\t\t\t\t\t\t<\/div>\n\t\t\t\t\t\t\t\t\t\t\t\t<\/div>\n\t\t\t\t\t\t\t\t\t<\/a>\n\t\t\t\t\t<\/div>\n\t\t\t<\/div>\n\t\t\t\t<\/div>\n\t\t\t\t\t<\/div>\n\t\t<\/div>\n\t\t\t\t<div class=\"has_eae_slider elementor-column elementor-col-66 elementor-top-column elementor-element elementor-element-b7c2e94\" data-eae-slider=\"35174\" data-id=\"b7c2e94\" data-element_type=\"column\">\n\t\t\t<div class=\"elementor-widget-wrap elementor-element-populated\">\n\t\t\t\t\t\t\t\t<div class=\"elementor-element elementor-element-5b0ff2a elementor-widget elementor-widget-heading\" data-id=\"5b0ff2a\" data-element_type=\"widget\" data-widget_type=\"heading.default\">\n\t\t\t\t<div class=\"elementor-widget-container\">\n\t\t\t<h5 class=\"elementor-heading-title elementor-size-default\">Campo San Felice & Ponte Chiodo<\/h5>\t\t<\/div>\n\t\t\t\t<\/div>\n\t\t\t\t<div class=\"elementor-element elementor-element-a0956a9 elementor-widget elementor-widget-text-editor\" data-id=\"a0956a9\" data-element_type=\"widget\" data-widget_type=\"text-editor.default\">\n\t\t\t\t<div class=\"elementor-widget-container\">\n\t\t\t\t\t\t\t<p><span style=\"font-size: 16px; color: var( --e-global-color-text ); font-family: var( --e-global-typography-text-font-family );\">Biegt man am Palast C\u00e0 D&#8217;Oro nicht nach rechts, \u00a0sondern nach links in die Strada Nova erreicht man die <\/span><b style=\"font-style: inherit; color: var( --e-global-color-text ); font-family: var( --e-global-typography-text-font-family );\">Ponte San Felice<\/b><span style=\"font-size: 16px; color: var( --e-global-color-text ); font-family: var( --e-global-typography-text-font-family );\"> (mit Rampen ausgestattet, allerdings etwas steil). \u00dcber diese Br\u00fccke erreicht man den <\/span><b style=\"font-style: inherit; color: var( --e-global-color-text ); font-family: var( --e-global-typography-text-font-family );\">Campo San Felice<\/b><span style=\"font-size: 16px; color: var( --e-global-color-text ); font-family: var( --e-global-typography-text-font-family );\"> mit der imposanten Kirche. Die Kirche ist aus dem 10ten Jahrhundert und wurde 1531 komplett neu aufgebaut. Hier findet man einige Werke Tintorettos. Beide Eing\u00e4nge zur Kirche haben 5 Stufen, sind aber mit Handl\u00e4ufen ausgestattet.\u00a0<\/span><\/p><p>Folgt man der <b>Fondamenta della Chiesa<\/b>, erreicht man die <b>Ponte Chiodo<\/b>, eine private Br\u00fccke \u00fcber den Rio San Felice. Bei der Ponte Chiodo handelt es sich um die letzte Br\u00fccke mit einem Steinbogen ohne Br\u00fcstung.<\/p><p>Hier endet die Tour durch C\u00e0 D&#8217;Oro und wir gehen zum Ausgangspunkt zur\u00fcck.<\/p>\t\t\t\t\t\t<\/div>\n\t\t\t\t<\/div>\n\t\t\t\t<div class=\"elementor-element elementor-element-aca6738 elementor-widget elementor-widget-heading\" data-id=\"aca6738\" data-element_type=\"widget\" data-widget_type=\"heading.default\">\n\t\t\t\t<div class=\"elementor-widget-container\">\n\t\t\t<h5 class=\"elementor-heading-title elementor-size-default\">Generelles zur Barrierefreiheit<\/h5>\t\t<\/div>\n\t\t\t\t<\/div>\n\t\t\t\t<div class=\"elementor-element elementor-element-3776937 elementor-widget elementor-widget-text-editor\" data-id=\"3776937\" data-element_type=\"widget\" data-widget_type=\"text-editor.default\">\n\t\t\t\t<div class=\"elementor-widget-container\">\n\t\t\t\t\t\t\t<p><b style=\"font-style: inherit; color: var( --e-global-color-text ); font-family: var( --e-global-typography-text-font-family );\">Grunds\u00e4tzlich<\/b><span style=\"font-size: 16px; color: var( --e-global-color-text ); font-family: var( --e-global-typography-text-font-family );\"> ist die ganze Insel barrierefrei und nur durch die Kan\u00e4le begrenzt. Nur der Kanal zur Kirche San Felice kann mit Rollstuhl befahren werden. Dennoch l\u00e4dt diese Insel zu gem\u00fctllichen Spazierg\u00e4ngen ein, denn es gibt \u00fcberall etwas zu entdecken und es sind keine Treppenstufen im Weg (abgesehen von denen an denBr\u00fccken).<\/span><\/p>\t\t\t\t\t\t<\/div>\n\t\t\t\t<\/div>\n\t\t\t\t\t<\/div>\n\t\t<\/div>\n\t\t\t\t\t\t\t<\/div>\n\t\t<\/section>\n\t\t\t\t<section class=\"has_eae_slider elementor-section elementor-top-section elementor-element elementor-element-6269ac5 elementor-section-boxed elementor-section-height-default elementor-section-height-default\" data-eae-slider=\"86757\" data-id=\"6269ac5\" data-element_type=\"section\">\n\t\t\t\t\t\t<div class=\"elementor-container elementor-column-gap-default\">\n\t\t\t\t\t<div class=\"has_eae_slider elementor-column elementor-col-100 elementor-top-column elementor-element elementor-element-5afec81\" data-eae-slider=\"42911\" data-id=\"5afec81\" data-element_type=\"column\">\n\t\t\t<div class=\"elementor-widget-wrap elementor-element-populated\">\n\t\t\t\t\t\t\t\t<div class=\"elementor-element elementor-element-5502eed elementor-widget elementor-widget-html\" data-id=\"5502eed\" data-element_type=\"widget\" data-widget_type=\"html.default\">\n\t\t\t\t<div class=\"elementor-widget-container\">\n\t\t\t<div class=\"BorlabsCookie _brlbs-cb-default\"><div class=\"_brlbs-content-blocker\"> <div class=\"_brlbs-default\"> <p>Clicca il pulsante qui sotto per scaricare il contenuto di www.komoot.de.<\/p> <p><a class=\"_brlbs-btn\" href=\"#\" data-borlabs-cookie-unblock role=\"button\">Contenuto del carico<\/a><\/p> <\/div> <\/div><div class=\"borlabs-hide\" data-borlabs-cookie-type=\"content-blocker\" data-borlabs-cookie-id=\"default\"><script type=\"text\/template\">PGlmcmFtZSBzcmM9Imh0dHBzOi8vd3d3LmtvbW9vdC5kZS90b3VyLzI2NDU0NzY1Ni9lbWJlZCIgd2lkdGg9IjEwMCUiIGhlaWdodD0iNDgwIiBmcmFtZWJvcmRlcj0iMCIgc2Nyb2xsaW5nPSJubyI+PC9pZnJhbWU+<\/script><\/div><\/div>\t\t<\/div>\n\t\t\t\t<\/div>\n\t\t\t\t\t<\/div>\n\t\t<\/div>\n\t\t\t\t\t\t\t<\/div>\n\t\t<\/section>\n\t\t\t\t<section class=\"has_eae_slider elementor-section elementor-top-section elementor-element elementor-element-b770d35 elementor-section-boxed elementor-section-height-default elementor-section-height-default\" data-eae-slider=\"35090\" data-id=\"b770d35\" data-element_type=\"section\">\n\t\t\t\t\t\t<div class=\"elementor-container elementor-column-gap-default\">\n\t\t\t\t\t<div class=\"has_eae_slider elementor-column elementor-col-100 elementor-top-column elementor-element elementor-element-458a733\" data-eae-slider=\"92363\" data-id=\"458a733\" data-element_type=\"column\">\n\t\t\t<div class=\"elementor-widget-wrap elementor-element-populated\">\n\t\t\t\t\t\t\t\t<div class=\"elementor-element elementor-element-99d802d elementor-widget elementor-widget-heading\" data-id=\"99d802d\" data-element_type=\"widget\" data-widget_type=\"heading.default\">\n\t\t\t\t<div class=\"elementor-widget-container\">\n\t\t\t<h2 class=\"elementor-heading-title elementor-size-default\">La prossima volta<\/h2>\t\t<\/div>\n\t\t\t\t<\/div>\n\t\t\t\t<div class=\"elementor-element elementor-element-d1727e1 elementor-widget-divider--view-line elementor-widget elementor-widget-divider\" data-id=\"d1727e1\" data-element_type=\"widget\" data-widget_type=\"divider.default\">\n\t\t\t\t<div class=\"elementor-widget-container\">\n\t\t\t\t\t<div class=\"elementor-divider\">\n\t\t\t<span class=\"elementor-divider-separator\">\n\t\t\t\t\t\t<\/span>\n\t\t<\/div>\n\t\t\t\t<\/div>\n\t\t\t\t<\/div>\n\t\t\t\t\t<\/div>\n\t\t<\/div>\n\t\t\t\t\t\t\t<\/div>\n\t\t<\/section>\n\t\t\t\t<section class=\"has_eae_slider elementor-section elementor-top-section elementor-element elementor-element-7469a2c elementor-section-boxed elementor-section-height-default elementor-section-height-default\" data-eae-slider=\"29378\" data-id=\"7469a2c\" data-element_type=\"section\">\n\t\t\t\t\t\t<div class=\"elementor-container elementor-column-gap-default\">\n\t\t\t\t\t<div class=\"has_eae_slider elementor-column elementor-col-100 elementor-top-column elementor-element elementor-element-a13d9c6\" data-eae-slider=\"31667\" data-id=\"a13d9c6\" data-element_type=\"column\">\n\t\t\t<div class=\"elementor-widget-wrap elementor-element-populated\">\n\t\t\t\t\t\t\t\t<div class=\"elementor-element elementor-element-7580cd4 elementor-widget elementor-widget-text-editor\" data-id=\"7580cd4\" data-element_type=\"widget\" data-widget_type=\"text-editor.default\">\n\t\t\t\t<div class=\"elementor-widget-container\">\n\t\t\t\t\t\t\t<p>Nel prossimo post, avrete dei consigli da noi sul\u00a0<\/p>\t\t\t\t\t\t<\/div>\n\t\t\t\t<\/div>\n\t\t\t\t<div class=\"elementor-element elementor-element-b6fe88c elementor-widget elementor-widget-heading\" data-id=\"b6fe88c\" data-element_type=\"widget\" data-widget_type=\"heading.default\">\n\t\t\t\t<div class=\"elementor-widget-container\">\n\t\t\t<h5 class=\"elementor-heading-title elementor-size-default\">Inseln Murano & Burano<\/h5>\t\t<\/div>\n\t\t\t\t<\/div>\n\t\t\t\t<div class=\"elementor-element elementor-element-fd25053 elementor-widget elementor-widget-text-editor\" data-id=\"fd25053\" data-element_type=\"widget\" data-widget_type=\"text-editor.default\">\n\t\t\t\t<div class=\"elementor-widget-container\">\n\t\t\t\t\t\t\t<p>Quindi tornate a controllare o meglio ancora - iscrivetevi a Wheelchair Tours sui canali dei social media!<\/p>\t\t\t\t\t\t<\/div>\n\t\t\t\t<\/div>\n\t\t\t\t\t<\/div>\n\t\t<\/div>\n\t\t\t\t\t\t\t<\/div>\n\t\t<\/section>\n\t\t\t\t\t\t\t<\/div>","protected":false},"excerpt":{"rendered":"<p>Il nostro quartiere di Venezia Cannaregio In questo articolo ci occupiamo del quartiere di Cannaregio, che come tutti i quartieri di Venezia \u00e8 composto da diverse isole. Pertanto, abbiamo diviso questa parte in 2 parti. Questo \u00e8 dovuto principalmente al fatto che nel mezzo, si deve prendere un vaporetto dalla parte occidentale di Cannaregio alla parte orientale di Cannaregio. ...<\/p>\n<p class=\"read-more\"> <a class=\"\" href=\"https:\/\/wheelchair-tours.org\/it\/2020\/09\/28\/venedig-barrierefrei-durch-cannaregio\/\"> <span class=\"screen-reader-text\">Venezia - senza barriere attraverso Cannaregio<\/span> Leggi altro &raquo;<\/a><\/p>","protected":false},"author":1,"featured_media":4368,"comment_status":"open","ping_status":"open","sticky":false,"template":"","format":"standard","meta":{"_uag_custom_page_level_css":"","site-sidebar-layout":"default","site-content-layout":"default","ast-site-content-layout":"","site-content-style":"default","site-sidebar-style":"default","ast-global-header-display":"","ast-banner-title-visibility":"","ast-main-header-display":"","ast-hfb-above-header-display":"","ast-hfb-below-header-display":"","ast-hfb-mobile-header-display":"","site-post-title":"","ast-breadcrumbs-content":"","ast-featured-img":"","footer-sml-layout":"","theme-transparent-header-meta":"default","adv-header-id-meta":"","stick-header-meta":"","header-above-stick-meta":"","header-main-stick-meta":"","header-below-stick-meta":"","astra-migrate-meta-layouts":"","footnotes":""},"categories":[453,446],"tags":[],"class_list":["post-5449","post","type-post","status-publish","format-standard","has-post-thumbnail","hentry","category-italien","category-reisen-in-europa"],"uagb_featured_image_src":{"full":["https:\/\/wheelchair-tours.org\/wp-content\/uploads\/2020\/03\/Wheelchair_tours_Rollstuhl_Wandern_Blog_Venedig_barrierefrei_Rueckfahrt_burano_Aussicht_auf_Hauptinsel.jpg",640,400,false],"thumbnail":["https:\/\/wheelchair-tours.org\/wp-content\/uploads\/2020\/03\/Wheelchair_tours_Rollstuhl_Wandern_Blog_Venedig_barrierefrei_Rueckfahrt_burano_Aussicht_auf_Hauptinsel-150x150.jpg",150,150,true],"medium":["https:\/\/wheelchair-tours.org\/wp-content\/uploads\/2020\/03\/Wheelchair_tours_Rollstuhl_Wandern_Blog_Venedig_barrierefrei_Rueckfahrt_burano_Aussicht_auf_Hauptinsel-300x188.jpg",300,188,true],"medium_large":["https:\/\/wheelchair-tours.org\/wp-content\/uploads\/2020\/03\/Wheelchair_tours_Rollstuhl_Wandern_Blog_Venedig_barrierefrei_Rueckfahrt_burano_Aussicht_auf_Hauptinsel.jpg",640,400,false],"large":["https:\/\/wheelchair-tours.org\/wp-content\/uploads\/2020\/03\/Wheelchair_tours_Rollstuhl_Wandern_Blog_Venedig_barrierefrei_Rueckfahrt_burano_Aussicht_auf_Hauptinsel.jpg",640,400,false],"1536x1536":["https:\/\/wheelchair-tours.org\/wp-content\/uploads\/2020\/03\/Wheelchair_tours_Rollstuhl_Wandern_Blog_Venedig_barrierefrei_Rueckfahrt_burano_Aussicht_auf_Hauptinsel.jpg",640,400,false],"2048x2048":["https:\/\/wheelchair-tours.org\/wp-content\/uploads\/2020\/03\/Wheelchair_tours_Rollstuhl_Wandern_Blog_Venedig_barrierefrei_Rueckfahrt_burano_Aussicht_auf_Hauptinsel.jpg",640,400,false],"trp-custom-language-flag":["https:\/\/wheelchair-tours.org\/wp-content\/uploads\/2020\/03\/Wheelchair_tours_Rollstuhl_Wandern_Blog_Venedig_barrierefrei_Rueckfahrt_burano_Aussicht_auf_Hauptinsel.jpg",18,12,false]},"uagb_author_info":{"display_name":"Sabrina","author_link":"https:\/\/wheelchair-tours.org\/it\/author\/sabrina\/"},"uagb_comment_info":104,"uagb_excerpt":"Unser Venedig Stadtteil Cannaregio In diesem Artikel besch\u00e4ftigen wir uns mit dem Stadtteil Cannaregio, welcher wie alle Stadtteile in Venedig \u00a0aus mehreren Inseln besteht. Daher haben wir diesen Teil in 2 Teile aufgeteilt. Das liegt vor allem daran, dass man zwischendurch mit einem Vaporetto vom Westteil von Cannaregio in den Ostteil von Cannaregio \u00fcbersetzen muss.&hellip;","_links":{"self":[{"href":"https:\/\/wheelchair-tours.org\/it\/wp-json\/wp\/v2\/posts\/5449","targetHints":{"allow":["GET"]}}],"collection":[{"href":"https:\/\/wheelchair-tours.org\/it\/wp-json\/wp\/v2\/posts"}],"about":[{"href":"https:\/\/wheelchair-tours.org\/it\/wp-json\/wp\/v2\/types\/post"}],"author":[{"embeddable":true,"href":"https:\/\/wheelchair-tours.org\/it\/wp-json\/wp\/v2\/users\/1"}],"replies":[{"embeddable":true,"href":"https:\/\/wheelchair-tours.org\/it\/wp-json\/wp\/v2\/comments?post=5449"}],"version-history":[{"count":29,"href":"https:\/\/wheelchair-tours.org\/it\/wp-json\/wp\/v2\/posts\/5449\/revisions"}],"predecessor-version":[{"id":6042,"href":"https:\/\/wheelchair-tours.org\/it\/wp-json\/wp\/v2\/posts\/5449\/revisions\/6042"}],"wp:featuredmedia":[{"embeddable":true,"href":"https:\/\/wheelchair-tours.org\/it\/wp-json\/wp\/v2\/media\/4368"}],"wp:attachment":[{"href":"https:\/\/wheelchair-tours.org\/it\/wp-json\/wp\/v2\/media?parent=5449"}],"wp:term":[{"taxonomy":"category","embeddable":true,"href":"https:\/\/wheelchair-tours.org\/it\/wp-json\/wp\/v2\/categories?post=5449"},{"taxonomy":"post_tag","embeddable":true,"href":"https:\/\/wheelchair-tours.org\/it\/wp-json\/wp\/v2\/tags?post=5449"}],"curies":[{"name":"wp","href":"https:\/\/api.w.org\/{rel}","templated":true}]}}