{"id":4112,"date":"2020-02-01T18:30:00","date_gmt":"2020-02-01T17:30:00","guid":{"rendered":"https:\/\/wheelchair-tours.org\/?p=4112"},"modified":"2021-05-23T18:56:18","modified_gmt":"2021-05-23T16:56:18","slug":"suedtirol-und-seine-barrierefreien-wanderwege","status":"publish","type":"post","link":"https:\/\/wheelchair-tours.org\/it\/2020\/02\/01\/suedtirol-und-seine-barrierefreien-wanderwege\/","title":{"rendered":"L'Alto Adige e i suoi sentieri \"senza barriere\""},"content":{"rendered":"<div data-elementor-type=\"wp-post\" data-elementor-id=\"4112\" class=\"elementor elementor-4112\">\n\t\t\t\t\t\t\t\t\t<section class=\"has_eae_slider elementor-section elementor-top-section elementor-element elementor-element-d1b92db elementor-section-boxed elementor-section-height-default elementor-section-height-default\" data-eae-slider=\"99937\" data-id=\"d1b92db\" data-element_type=\"section\">\n\t\t\t\t\t\t<div class=\"elementor-container elementor-column-gap-default\">\n\t\t\t\t\t<div class=\"has_eae_slider elementor-column elementor-col-100 elementor-top-column elementor-element elementor-element-dbb8381\" data-eae-slider=\"19752\" data-id=\"dbb8381\" data-element_type=\"column\">\n\t\t\t<div class=\"elementor-widget-wrap elementor-element-populated\">\n\t\t\t\t\t\t\t\t<div class=\"elementor-element elementor-element-28c9e24 elementor-widget elementor-widget-heading\" data-id=\"28c9e24\" data-element_type=\"widget\" data-widget_type=\"heading.default\">\n\t\t\t\t<div class=\"elementor-widget-container\">\n\t\t\t<h3 class=\"elementor-heading-title elementor-size-default\">natura pura<\/h3>\t\t<\/div>\n\t\t\t\t<\/div>\n\t\t\t\t<div class=\"elementor-element elementor-element-054ff3e elementor-widget-divider--view-line elementor-widget elementor-widget-divider\" data-id=\"054ff3e\" data-element_type=\"widget\" data-widget_type=\"divider.default\">\n\t\t\t\t<div class=\"elementor-widget-container\">\n\t\t\t\t\t<div class=\"elementor-divider\">\n\t\t\t<span class=\"elementor-divider-separator\">\n\t\t\t\t\t\t<\/span>\n\t\t<\/div>\n\t\t\t\t<\/div>\n\t\t\t\t<\/div>\n\t\t\t\t<div class=\"elementor-element elementor-element-be48012 elementor-widget elementor-widget-heading\" data-id=\"be48012\" data-element_type=\"widget\" data-widget_type=\"heading.default\">\n\t\t\t\t<div class=\"elementor-widget-container\">\n\t\t\t<h5 class=\"elementor-heading-title elementor-size-default\">pi\u00f9 Turismo in Alto Adige e il suo impatto sui sentieri escursionistici<\/h5>\t\t<\/div>\n\t\t\t\t<\/div>\n\t\t\t\t\t<\/div>\n\t\t<\/div>\n\t\t\t\t\t\t\t<\/div>\n\t\t<\/section>\n\t\t\t\t<section class=\"has_eae_slider elementor-section elementor-top-section elementor-element elementor-element-9123c3d elementor-section-boxed elementor-section-height-default elementor-section-height-default\" data-eae-slider=\"20550\" data-id=\"9123c3d\" data-element_type=\"section\">\n\t\t\t\t\t\t<div class=\"elementor-container elementor-column-gap-default\">\n\t\t\t\t\t<div class=\"has_eae_slider elementor-column elementor-col-50 elementor-top-column elementor-element elementor-element-8557186\" data-eae-slider=\"53909\" data-id=\"8557186\" data-element_type=\"column\">\n\t\t\t<div class=\"elementor-widget-wrap elementor-element-populated\">\n\t\t\t\t\t\t\t\t<div class=\"elementor-element elementor-element-a7e8ebd elementor-widget elementor-widget-text-editor\" data-id=\"a7e8ebd\" data-element_type=\"widget\" data-widget_type=\"text-editor.default\">\n\t\t\t\t<div class=\"elementor-widget-container\">\n\t\t\t\t\t\t\t<p>Godersi il panorama, respirare aria fresca, essere vicini e connessi alla natura - queste sono tutte cose che si possono godere sia come locali che come turisti nelle Alpi altoatesine. <br \/><b><br \/>Non c'\u00e8 quindi da meravigliarsi se sempre pi\u00f9 persone sono attratte dalla regione alpina.<\/b><\/p><p>Cos\u00ec, attivit\u00e0 come <b>Escursioni, sci o anche ciclismo o mountain bike<\/b> sta diventando sempre pi\u00f9 popolare.<br \/>Che molti vorrebbero perseguire questi sport e non solo a casa, possiamo capire molto bene, perch\u00e9 escursioni, ciclismo e sci sono anche le nostre grandi passioni. Sfortunatamente, come utente di una sedia a rotelle non puoi fare queste cose <b>attivit\u00e0 solo in misura limitata.<\/b><\/p><p>Soprattutto per gli amanti della mountain bike e del downhill ci sono molti percorsi interessanti in Alto Adige e molti comuni fanno annualmente pubblicit\u00e0 con un alto budget per il turismo per aumentare il cicloturismo e i pernottamenti in Alto Adige.<\/p><p>Anche se il materiale informativo sulle attivit\u00e0 del tempo libero per persone in sedia a rotelle in Alto Adige \u00e8 gi\u00e0 migliorato grazie al lavoro del portale online \"Alto Adige per tutti\", ci sono ancora troppo poche informazioni sulle attivit\u00e0 sportive senza barriere. Non \u00e8 quindi sorprendente che le persone in sedia a rotelle e le persone con altre disabilit\u00e0 siano tenute in scarsa considerazione nella pianificazione delle attivit\u00e0 turistiche.\u00a0<\/p><p><b>In quale altro modo si pu\u00f2 avere l'idea che stiamo per riportare in questo articolo.<\/b><\/p><p>Siamo rimasti stupiti nel leggere la notizia del quotidiano nell'estate del 2019.\u00a0<span style=\"color: #333333;\"><strong><a style=\"color: #333333;\" href=\"https:\/\/www.suedtirolnews.it\/politik\/eppan-macht-ernst-sperren-fuer-mountainbikes-im-wald\" target=\"_blank\" rel=\"noopener\">Notizie dall'Alto Adige e dall'Alto Adige<\/a><\/strong><\/span>\u00a0in cui si riferisce che i sentieri escursionistici, cos\u00ec come i sentieri che sono stati spesso ampiamente utilizzati da mountain bike, dovrebbero ora essere chiusi per la popolazione su ruote. Anche<span style=\"color: #333333;\"><strong>\u00a0<a style=\"color: #333333;\" href=\"https:\/\/www.tageszeitung.it\/2019\/06\/05\/ruhezonen-schuetzen\/\" target=\"_blank\" rel=\"noopener\">il nuovo quotidiano altoatesino<\/a>\u00a0<\/strong><\/span>ha riferito in merito.<\/p><p>Per esempio, i sentieri che dovrebbero essere inaccessibili ai motociclisti sono stati bloccati con tronchi e cumuli di sabbia o sporcizia, e in alcuni casi con cespugli sciolti o radici di alberi. Questo per fare in modo che i motociclisti non utilizzino pi\u00f9 questi percorsi, che hanno utilizzato nonostante il divieto. Secondo i rapporti dei due portali di notizie, questa decisione \u00e8 stata presa dalle autorit\u00e0 comunali insieme alle autorit\u00e0 forestali.<\/p>\t\t\t\t\t\t<\/div>\n\t\t\t\t<\/div>\n\t\t\t\t\t<\/div>\n\t\t<\/div>\n\t\t\t\t<div class=\"has_eae_slider elementor-column elementor-col-50 elementor-top-column elementor-element elementor-element-ca61c1b\" data-eae-slider=\"2391\" data-id=\"ca61c1b\" data-element_type=\"column\">\n\t\t\t<div class=\"elementor-widget-wrap elementor-element-populated\">\n\t\t\t\t\t\t\t\t<div class=\"elementor-element elementor-element-b4e1e75 elementor-widget elementor-widget-gallery\" data-id=\"b4e1e75\" data-element_type=\"widget\" data-settings=\"{&quot;gallery_layout&quot;:&quot;masonry&quot;,&quot;columns&quot;:1,&quot;gap&quot;:{&quot;unit&quot;:&quot;px&quot;,&quot;size&quot;:15,&quot;sizes&quot;:[]},&quot;overlay_description&quot;:&quot;description&quot;,&quot;columns_tablet&quot;:2,&quot;columns_mobile&quot;:1,&quot;gap_tablet&quot;:{&quot;unit&quot;:&quot;px&quot;,&quot;size&quot;:10,&quot;sizes&quot;:[]},&quot;gap_mobile&quot;:{&quot;unit&quot;:&quot;px&quot;,&quot;size&quot;:10,&quot;sizes&quot;:[]},&quot;link_to&quot;:&quot;file&quot;,&quot;overlay_background&quot;:&quot;yes&quot;,&quot;content_hover_animation&quot;:&quot;fade-in&quot;}\" data-widget_type=\"gallery.default\">\n\t\t\t\t<div class=\"elementor-widget-container\">\n\t\t\t\t\t<div class=\"elementor-gallery__container\">\n\t\t\t\t\t\t\t<a class=\"e-gallery-item elementor-gallery-item elementor-animated-content\" href=\"https:\/\/wheelchair-tours.org\/wp-content\/uploads\/2020\/01\/Wheelchair-Tours-Rollstuhl-Wanderwege-S\u00fcdtirol-Blog-Eppan-Wegsperre-Montiggl-HubertFranke-MTBNews.jpg\" data-elementor-open-lightbox=\"yes\" data-elementor-lightbox-slideshow=\"all-b4e1e75\" data-elementor-lightbox-title=\"Wheelchair-Tours-Rollstuhl-Wanderwege-S\u00fcdtirol-Blog-Eppan-Wegsperre-Montiggl-HubertFranke-MTBNews\" data-elementor-lightbox-description=\"\u00a9  Hubert Franke on MTW-news.de\" data-e-action-hash=\"#elementor-action%3Aaction%3Dlightbox%26settings%3DeyJpZCI6NDEzNSwidXJsIjoiaHR0cHM6XC9cL3doZWVsY2hhaXItdG91cnMub3JnXC93cC1jb250ZW50XC91cGxvYWRzXC8yMDIwXC8wMVwvV2hlZWxjaGFpci1Ub3Vycy1Sb2xsc3R1aGwtV2FuZGVyd2VnZS1TXHUwMGZjZHRpcm9sLUJsb2ctRXBwYW4tV2Vnc3BlcnJlLU1vbnRpZ2dsLUh1YmVydEZyYW5rZS1NVEJOZXdzLmpwZyIsInNsaWRlc2hvdyI6ImFsbC1iNGUxZTc1In0%3D\">\n\t\t\t\t\t<div class=\"e-gallery-image elementor-gallery-item__image\" data-thumbnail=\"https:\/\/wheelchair-tours.org\/wp-content\/uploads\/2020\/01\/Wheelchair-Tours-Rollstuhl-Wanderwege-S\u00fcdtirol-Blog-Eppan-Wegsperre-Montiggl-HubertFranke-MTBNews.jpg\" data-width=\"640\" data-height=\"400\" alt=\"Wheelchair-Tours-Rollstuhl-Wanderwege-S\u00fcdtirol-Blog-Eppan-Wegsperre-Montiggl-HubertFranke-MTBNews\" ><\/div>\n\t\t\t\t\t\t\t\t\t\t\t<div class=\"elementor-gallery-item__overlay\"><\/div>\n\t\t\t\t\t\t\t\t\t\t\t\t\t\t\t<div class=\"elementor-gallery-item__content\">\n\t\t\t\t\t\t\t\t\t\t\t\t\t\t<div class=\"elementor-gallery-item__description\">\n\t\t\t\t\t\t\t\t\t\t\t\t\t\t\t\t\t\t\u00a9 Hubert Franke su MTW-news.de\t\t\t\t\t\t\t\t<\/div>\n\t\t\t\t\t\t\t\t\t\t\t\t<\/div>\n\t\t\t\t\t\t\t\t\t<\/a>\n\t\t\t\t\t\t\t<a class=\"e-gallery-item elementor-gallery-item elementor-animated-content\" href=\"https:\/\/wheelchair-tours.org\/wp-content\/uploads\/2020\/01\/Wheelchair-Tours-Rollstuhl-Wanderwege-S\u00fcdtirol-Blog-Eppan-Wegsperre-Montiggl-DieTageszeitung-News.jpg\" data-elementor-open-lightbox=\"yes\" data-elementor-lightbox-slideshow=\"all-b4e1e75\" data-elementor-lightbox-title=\"Wheelchair-Tours-Rollstuhl-Wanderwege-S\u00fcdtirol-Blog-Eppan-Wegsperre-Montiggl-DieTageszeitung-News\" data-elementor-lightbox-description=\"\u00a9 Die neue S\u00fcdtiroler Tageszeitung\" data-e-action-hash=\"#elementor-action%3Aaction%3Dlightbox%26settings%3DeyJpZCI6NDEzNCwidXJsIjoiaHR0cHM6XC9cL3doZWVsY2hhaXItdG91cnMub3JnXC93cC1jb250ZW50XC91cGxvYWRzXC8yMDIwXC8wMVwvV2hlZWxjaGFpci1Ub3Vycy1Sb2xsc3R1aGwtV2FuZGVyd2VnZS1TXHUwMGZjZHRpcm9sLUJsb2ctRXBwYW4tV2Vnc3BlcnJlLU1vbnRpZ2dsLURpZVRhZ2VzemVpdHVuZy1OZXdzLmpwZyIsInNsaWRlc2hvdyI6ImFsbC1iNGUxZTc1In0%3D\">\n\t\t\t\t\t<div class=\"e-gallery-image elementor-gallery-item__image\" data-thumbnail=\"https:\/\/wheelchair-tours.org\/wp-content\/uploads\/2020\/01\/Wheelchair-Tours-Rollstuhl-Wanderwege-S\u00fcdtirol-Blog-Eppan-Wegsperre-Montiggl-DieTageszeitung-News.jpg\" data-width=\"640\" data-height=\"400\" alt=\"Wheelchair-Tours-Rollstuhl-Wanderwege-S\u00fcdtirol-Blog-Eppan-Wegsperre-Montiggl-DieTageszeitung-News\" ><\/div>\n\t\t\t\t\t\t\t\t\t\t\t<div class=\"elementor-gallery-item__overlay\"><\/div>\n\t\t\t\t\t\t\t\t\t\t\t\t\t\t\t<div class=\"elementor-gallery-item__content\">\n\t\t\t\t\t\t\t\t\t\t\t\t\t\t<div class=\"elementor-gallery-item__description\">\n\t\t\t\t\t\t\t\t\t\t\t\t\t\t\t\t\t\t\u00a9 Il Nuovo Quotidiano dell'Alto Adige\t\t\t\t\t\t\t\t<\/div>\n\t\t\t\t\t\t\t\t\t\t\t\t<\/div>\n\t\t\t\t\t\t\t\t\t<\/a>\n\t\t\t\t\t\t\t<a class=\"e-gallery-item elementor-gallery-item elementor-animated-content\" href=\"https:\/\/wheelchair-tours.org\/wp-content\/uploads\/2020\/01\/Wheelchair-Tours-Rollstuhl-Wanderwege-S\u00fcdtirol-Blog-Eppan-Wegsperre-Montiggl-AltoAdige-Zeitung.jpg\" data-elementor-open-lightbox=\"yes\" data-elementor-lightbox-slideshow=\"all-b4e1e75\" data-elementor-lightbox-title=\"Wheelchair-Tours-Rollstuhl-Wanderwege-S\u00fcdtirol-Blog-Eppan-Wegsperre-Montiggl-AltoAdige-Zeitung\" data-elementor-lightbox-description=\"\u00a9 AltoAdige\" data-e-action-hash=\"#elementor-action%3Aaction%3Dlightbox%26settings%3DeyJpZCI6NDEyMCwidXJsIjoiaHR0cHM6XC9cL3doZWVsY2hhaXItdG91cnMub3JnXC93cC1jb250ZW50XC91cGxvYWRzXC8yMDIwXC8wMVwvV2hlZWxjaGFpci1Ub3Vycy1Sb2xsc3R1aGwtV2FuZGVyd2VnZS1TXHUwMGZjZHRpcm9sLUJsb2ctRXBwYW4tV2Vnc3BlcnJlLU1vbnRpZ2dsLUFsdG9BZGlnZS1aZWl0dW5nLmpwZyIsInNsaWRlc2hvdyI6ImFsbC1iNGUxZTc1In0%3D\">\n\t\t\t\t\t<div class=\"e-gallery-image elementor-gallery-item__image\" data-thumbnail=\"https:\/\/wheelchair-tours.org\/wp-content\/uploads\/2020\/01\/Wheelchair-Tours-Rollstuhl-Wanderwege-S\u00fcdtirol-Blog-Eppan-Wegsperre-Montiggl-AltoAdige-Zeitung.jpg\" data-width=\"640\" data-height=\"400\" alt=\"Wheelchair-Tours-Rollstuhl-Wanderwege-S\u00fcdtirol-Blog-Eppan-Wegsperre-Montiggl-AltoAdige-Zeitung\" ><\/div>\n\t\t\t\t\t\t\t\t\t\t\t<div class=\"elementor-gallery-item__overlay\"><\/div>\n\t\t\t\t\t\t\t\t\t\t\t\t\t\t\t<div class=\"elementor-gallery-item__content\">\n\t\t\t\t\t\t\t\t\t\t\t\t\t\t<div class=\"elementor-gallery-item__description\">\n\t\t\t\t\t\t\t\t\t\t\t\t\t\t\t\t\t\t\u00a9 AltoAdige\t\t\t\t\t\t\t\t<\/div>\n\t\t\t\t\t\t\t\t\t\t\t\t<\/div>\n\t\t\t\t\t\t\t\t\t<\/a>\n\t\t\t\t\t<\/div>\n\t\t\t<\/div>\n\t\t\t\t<\/div>\n\t\t\t\t<div class=\"elementor-element elementor-element-bba105e elementor-widget-divider--view-line elementor-widget elementor-widget-divider\" data-id=\"bba105e\" data-element_type=\"widget\" data-widget_type=\"divider.default\">\n\t\t\t\t<div class=\"elementor-widget-container\">\n\t\t\t\t\t<div class=\"elementor-divider\">\n\t\t\t<span class=\"elementor-divider-separator\">\n\t\t\t\t\t\t<\/span>\n\t\t<\/div>\n\t\t\t\t<\/div>\n\t\t\t\t<\/div>\n\t\t\t\t<div class=\"elementor-element elementor-element-4c32709 elementor-widget elementor-widget-text-editor\" data-id=\"4c32709\" data-element_type=\"widget\" data-widget_type=\"text-editor.default\">\n\t\t\t\t<div class=\"elementor-widget-container\">\n\t\t\t\t\t\t\t<p>Lago Montiggler<\/p>\t\t\t\t\t\t<\/div>\n\t\t\t\t<\/div>\n\t\t\t\t\t<\/div>\n\t\t<\/div>\n\t\t\t\t\t\t\t<\/div>\n\t\t<\/section>\n\t\t\t\t<section class=\"has_eae_slider elementor-section elementor-top-section elementor-element elementor-element-608f4e6 elementor-section-boxed elementor-section-height-default elementor-section-height-default\" data-eae-slider=\"87688\" data-id=\"608f4e6\" data-element_type=\"section\">\n\t\t\t\t\t\t<div class=\"elementor-container elementor-column-gap-default\">\n\t\t\t\t\t<div class=\"has_eae_slider elementor-column elementor-col-100 elementor-top-column elementor-element elementor-element-b778fda\" data-eae-slider=\"55311\" data-id=\"b778fda\" data-element_type=\"column\">\n\t\t\t<div class=\"elementor-widget-wrap elementor-element-populated\">\n\t\t\t\t\t\t\t\t<div class=\"elementor-element elementor-element-6473502 elementor-widget elementor-widget-text-editor\" data-id=\"6473502\" data-element_type=\"widget\" data-widget_type=\"text-editor.default\">\n\t\t\t\t<div class=\"elementor-widget-container\">\n\t\t\t\t\t\t\t<p>Naturalmente \u00e8 comprensibile da parte nostra che gli appassionati di mountain bike debbano essere incoraggiati a utilizzare le piste ciclabili ufficiali o i percorsi designati per il downhill, ma il tutto \u00e8 un po' miope. <br \/><br \/><b>Perch\u00e9 i ciclisti di montagna non sono gli unici su ruote!<\/b><\/p><p>Inoltre, tali azioni portano spesso a \"imitatori\". Cos\u00ec, qualche tempo dopo, oltre alle barriere nel bosco di Montiggl, sono state installate anche delle recinzioni sulla Plose, che hanno lo scopo di impedire ai mountain biker di percorrere questi percorsi.  Almeno secondo uno <span style=\"color: #333333;\"><strong><a style=\"color: #333333;\" href=\"https:\/\/www.suedtirolnews.it\/chronik\/plose-kein-weiterkommen-mehr-fuer-mountainbike-fahrer\" target=\"_blank\" rel=\"noopener\">Rapporto del Notiziario dell'Alto Adige.<\/a> <\/strong><\/span>Naturalmente, \u00e8 facile aprire i cancelli, ma si spera che questo abbia un effetto deterrente.<\/p>\t\t\t\t\t\t<\/div>\n\t\t\t\t<\/div>\n\t\t\t\t\t<\/div>\n\t\t<\/div>\n\t\t\t\t\t\t\t<\/div>\n\t\t<\/section>\n\t\t\t\t<section class=\"has_eae_slider elementor-section elementor-top-section elementor-element elementor-element-870c91c elementor-section-boxed elementor-section-height-default elementor-section-height-default\" data-eae-slider=\"30017\" data-id=\"870c91c\" data-element_type=\"section\">\n\t\t\t\t\t\t<div class=\"elementor-container elementor-column-gap-default\">\n\t\t\t\t\t<div class=\"has_eae_slider elementor-column elementor-col-100 elementor-top-column elementor-element elementor-element-c48f87f\" data-eae-slider=\"26088\" data-id=\"c48f87f\" data-element_type=\"column\">\n\t\t\t<div class=\"elementor-widget-wrap elementor-element-populated\">\n\t\t\t\t\t\t\t\t<div class=\"elementor-element elementor-element-35d0eee elementor-widget elementor-widget-heading\" data-id=\"35d0eee\" data-element_type=\"widget\" data-widget_type=\"heading.default\">\n\t\t\t\t<div class=\"elementor-widget-container\">\n\t\t\t<h3 class=\"elementor-heading-title elementor-size-default\">Ostacoli<\/h3>\t\t<\/div>\n\t\t\t\t<\/div>\n\t\t\t\t<div class=\"elementor-element elementor-element-4f06857 elementor-widget-divider--view-line elementor-widget elementor-widget-divider\" data-id=\"4f06857\" data-element_type=\"widget\" data-widget_type=\"divider.default\">\n\t\t\t\t<div class=\"elementor-widget-container\">\n\t\t\t\t\t<div class=\"elementor-divider\">\n\t\t\t<span class=\"elementor-divider-separator\">\n\t\t\t\t\t\t<\/span>\n\t\t<\/div>\n\t\t\t\t<\/div>\n\t\t\t\t<\/div>\n\t\t\t\t<div class=\"elementor-element elementor-element-b53bb19 elementor-widget elementor-widget-heading\" data-id=\"b53bb19\" data-element_type=\"widget\" data-widget_type=\"heading.default\">\n\t\t\t\t<div class=\"elementor-widget-container\">\n\t\t\t<h5 class=\"elementor-heading-title elementor-size-default\">Come pu\u00f2 una persona in sedia a rotelle superare tali ostacoli?<\/h5>\t\t<\/div>\n\t\t\t\t<\/div>\n\t\t\t\t\t<\/div>\n\t\t<\/div>\n\t\t\t\t\t\t\t<\/div>\n\t\t<\/section>\n\t\t\t\t<section class=\"has_eae_slider elementor-section elementor-top-section elementor-element elementor-element-883c975 elementor-section-boxed elementor-section-height-default elementor-section-height-default\" data-eae-slider=\"89707\" data-id=\"883c975\" data-element_type=\"section\">\n\t\t\t\t\t\t<div class=\"elementor-container elementor-column-gap-default\">\n\t\t\t\t\t<div class=\"has_eae_slider elementor-column elementor-col-50 elementor-top-column elementor-element elementor-element-c58c948\" data-eae-slider=\"82233\" data-id=\"c58c948\" data-element_type=\"column\">\n\t\t\t<div class=\"elementor-widget-wrap elementor-element-populated\">\n\t\t\t\t\t\t\t\t<div class=\"elementor-element elementor-element-b009362 elementor-widget elementor-widget-gallery\" data-id=\"b009362\" data-element_type=\"widget\" data-settings=\"{&quot;gallery_layout&quot;:&quot;masonry&quot;,&quot;columns&quot;:2,&quot;gap&quot;:{&quot;unit&quot;:&quot;px&quot;,&quot;size&quot;:5,&quot;sizes&quot;:[]},&quot;overlay_description&quot;:&quot;description&quot;,&quot;lazyload&quot;:&quot;yes&quot;,&quot;columns_tablet&quot;:2,&quot;columns_mobile&quot;:1,&quot;gap_tablet&quot;:{&quot;unit&quot;:&quot;px&quot;,&quot;size&quot;:10,&quot;sizes&quot;:[]},&quot;gap_mobile&quot;:{&quot;unit&quot;:&quot;px&quot;,&quot;size&quot;:10,&quot;sizes&quot;:[]},&quot;link_to&quot;:&quot;file&quot;,&quot;overlay_background&quot;:&quot;yes&quot;,&quot;content_hover_animation&quot;:&quot;fade-in&quot;}\" data-widget_type=\"gallery.default\">\n\t\t\t\t<div class=\"elementor-widget-container\">\n\t\t\t\t\t<div class=\"elementor-gallery__container\">\n\t\t\t\t\t\t\t<a class=\"e-gallery-item elementor-gallery-item elementor-animated-content\" href=\"https:\/\/wheelchair-tours.org\/wp-content\/uploads\/2020\/01\/Wheelchair-Tours-Rollstuhl-Wanderwege-S\u00fcdtirol-Blog-Eppan-Wegsperre-Weg-Baum-Eric-Muhr-Unsplash.jpg\" data-elementor-open-lightbox=\"yes\" data-elementor-lightbox-slideshow=\"all-b009362\" data-elementor-lightbox-title=\"Wheelchair-Tours-Rollstuhl-Wanderwege-S\u00fcdtirol-Blog-Eppan-Wegsperre-Weg-Baum-Eric-Muhr-Unsplash\" data-elementor-lightbox-description=\"\u00a9 Eric-Muhr on Unsplash\" data-e-action-hash=\"#elementor-action%3Aaction%3Dlightbox%26settings%3DeyJpZCI6NDEyNCwidXJsIjoiaHR0cHM6XC9cL3doZWVsY2hhaXItdG91cnMub3JnXC93cC1jb250ZW50XC91cGxvYWRzXC8yMDIwXC8wMVwvV2hlZWxjaGFpci1Ub3Vycy1Sb2xsc3R1aGwtV2FuZGVyd2VnZS1TXHUwMGZjZHRpcm9sLUJsb2ctRXBwYW4tV2Vnc3BlcnJlLVdlZy1CYXVtLUVyaWMtTXVoci1VbnNwbGFzaC5qcGciLCJzbGlkZXNob3ciOiJhbGwtYjAwOTM2MiJ9\">\n\t\t\t\t\t<div class=\"e-gallery-image elementor-gallery-item__image\" data-thumbnail=\"https:\/\/wheelchair-tours.org\/wp-content\/uploads\/2020\/01\/Wheelchair-Tours-Rollstuhl-Wanderwege-S\u00fcdtirol-Blog-Eppan-Wegsperre-Weg-Baum-Eric-Muhr-Unsplash.jpg\" data-width=\"400\" data-height=\"640\" alt=\"Wheelchair-Tours-Rollstuhl-Wanderwege-S\u00fcdtirol-Blog-Eppan-Wegsperre-Weg-Baum-Eric-Muhr-Unsplash\" ><\/div>\n\t\t\t\t\t\t\t\t\t\t\t<div class=\"elementor-gallery-item__overlay\"><\/div>\n\t\t\t\t\t\t\t\t\t\t\t\t\t\t\t<div class=\"elementor-gallery-item__content\">\n\t\t\t\t\t\t\t\t\t\t\t\t\t\t<div class=\"elementor-gallery-item__description\">\n\t\t\t\t\t\t\t\t\t\t\t\t\t\t\t\t\t\t\u00a9 Eric-Muhr su Unsplash\t\t\t\t\t\t\t\t<\/div>\n\t\t\t\t\t\t\t\t\t\t\t\t<\/div>\n\t\t\t\t\t\t\t\t\t<\/a>\n\t\t\t\t\t\t\t<a class=\"e-gallery-item elementor-gallery-item elementor-animated-content\" href=\"https:\/\/wheelchair-tours.org\/wp-content\/uploads\/2020\/01\/Wheelchair-Tours-Rollstuhl-Wanderwege-S\u00fcdtirol-Blog-Eppan-Wegsperre-Weg-Baum-AndreasGl\u00f6ckner-pixabay.jpg\" data-elementor-open-lightbox=\"yes\" data-elementor-lightbox-slideshow=\"all-b009362\" data-elementor-lightbox-title=\"Wheelchair-Tours-Rollstuhl-Wanderwege-S\u00fcdtirol-Blog-Eppan-Wegsperre-Weg-Baum-AndreasGl\u00f6ckner-pixabay\" data-elementor-lightbox-description=\"\u00a9 Andreas Gl\u00f6ckner on Pixabay\" data-e-action-hash=\"#elementor-action%3Aaction%3Dlightbox%26settings%3DeyJpZCI6NDEyMywidXJsIjoiaHR0cHM6XC9cL3doZWVsY2hhaXItdG91cnMub3JnXC93cC1jb250ZW50XC91cGxvYWRzXC8yMDIwXC8wMVwvV2hlZWxjaGFpci1Ub3Vycy1Sb2xsc3R1aGwtV2FuZGVyd2VnZS1TXHUwMGZjZHRpcm9sLUJsb2ctRXBwYW4tV2Vnc3BlcnJlLVdlZy1CYXVtLUFuZHJlYXNHbFx1MDBmNmNrbmVyLXBpeGFiYXkuanBnIiwic2xpZGVzaG93IjoiYWxsLWIwMDkzNjIifQ%3D%3D\">\n\t\t\t\t\t<div class=\"e-gallery-image elementor-gallery-item__image\" data-thumbnail=\"https:\/\/wheelchair-tours.org\/wp-content\/uploads\/2020\/01\/Wheelchair-Tours-Rollstuhl-Wanderwege-S\u00fcdtirol-Blog-Eppan-Wegsperre-Weg-Baum-AndreasGl\u00f6ckner-pixabay.jpg\" data-width=\"400\" data-height=\"640\" alt=\"Wheelchair-Tours-Rollstuhl-Wanderwege-S\u00fcdtirol-Blog-Eppan-Wegsperre-Weg-Baum-AndreasGl\u00f6ckner-pixabay\" ><\/div>\n\t\t\t\t\t\t\t\t\t\t\t<div class=\"elementor-gallery-item__overlay\"><\/div>\n\t\t\t\t\t\t\t\t\t\t\t\t\t\t\t<div class=\"elementor-gallery-item__content\">\n\t\t\t\t\t\t\t\t\t\t\t\t\t\t<div class=\"elementor-gallery-item__description\">\n\t\t\t\t\t\t\t\t\t\t\t\t\t\t\t\t\t\t\u00a9 Andreas Gl\u00f6ckner su Pixabay\t\t\t\t\t\t\t\t<\/div>\n\t\t\t\t\t\t\t\t\t\t\t\t<\/div>\n\t\t\t\t\t\t\t\t\t<\/a>\n\t\t\t\t\t<\/div>\n\t\t\t<\/div>\n\t\t\t\t<\/div>\n\t\t\t\t\t<\/div>\n\t\t<\/div>\n\t\t\t\t<div class=\"has_eae_slider elementor-column elementor-col-50 elementor-top-column elementor-element elementor-element-a6469c3\" data-eae-slider=\"58170\" data-id=\"a6469c3\" data-element_type=\"column\">\n\t\t\t<div class=\"elementor-widget-wrap elementor-element-populated\">\n\t\t\t\t\t\t\t\t<div class=\"elementor-element elementor-element-be81684 elementor-widget elementor-widget-text-editor\" data-id=\"be81684\" data-element_type=\"widget\" data-widget_type=\"text-editor.default\">\n\t\t\t\t<div class=\"elementor-widget-container\">\n\t\t\t\t\t\t\t<p><b>Trovare sentieri escursionistici adatti alle persone in sedia a rotelle<\/b>non \u00e8 un'impresa facile in entrambi i casi. Spesso i sentieri non sono appositamente segnalati, non ci sono praticamente guide e anche le informazioni sui passaggi ripidi o sui gradini dei sentieri si trovano raramente.<\/p><p>Chiedere informazioni alla gente del posto spesso non aiuta, perch\u00e9 di solito sono preoccupati di dare informazioni sbagliate e di essere responsabili di problemi che potrebbero verificarsi in seguito, come un incidente. <br \/>A volte \u00e8 abbastanza utile, quando si fa la propria ricerca su sentieri ben percorribili, fare riferimento al <b>Risultati della mountain bike<\/b>o per ripiegare sul <b>Esperienze di genitori con passeggini. <\/b><\/p>\t\t\t\t\t\t<\/div>\n\t\t\t\t<\/div>\n\t\t\t\t\t<\/div>\n\t\t<\/div>\n\t\t\t\t\t\t\t<\/div>\n\t\t<\/section>\n\t\t\t\t<section class=\"has_eae_slider elementor-section elementor-top-section elementor-element elementor-element-464402a elementor-section-boxed elementor-section-height-default elementor-section-height-default\" data-eae-slider=\"68066\" data-id=\"464402a\" data-element_type=\"section\">\n\t\t\t\t\t\t<div class=\"elementor-container elementor-column-gap-default\">\n\t\t\t\t\t<div class=\"has_eae_slider elementor-column elementor-col-100 elementor-top-column elementor-element elementor-element-d941ad1\" data-eae-slider=\"49748\" data-id=\"d941ad1\" data-element_type=\"column\">\n\t\t\t<div class=\"elementor-widget-wrap elementor-element-populated\">\n\t\t\t\t\t\t\t\t<div class=\"elementor-element elementor-element-72d0f74 elementor-widget elementor-widget-text-editor\" data-id=\"72d0f74\" data-element_type=\"widget\" data-widget_type=\"text-editor.default\">\n\t\t\t\t<div class=\"elementor-widget-container\">\n\t\t\t\t\t\t\t<p><strong>Si intende davvero che anche questi non dovrebbero pi\u00f9 \"percorrere\" i sentieri?<\/strong><\/p><p>Nel caso del Montiggler Wald, queste barriere sono state installate soprattutto nelle aree che sono considerate le cosiddette zone tranquille e hanno lo scopo di proteggere l'area protetta da ulteriori danni alla flora e alla fauna. Non si tratta di sentieri ufficiali, ma piuttosto di sentieri che si sono sviluppati nel tempo e che hanno suggerito a molti escursionisti e mountain biker che si tratta di \"sentieri comuni o scorciatoie\". Le barriere hanno lo scopo di porre fine a questo e di proteggere la flora e la fauna, cos\u00ec come il paesaggio nel suo insieme - come i giornali hanno riportato all'epoca. <br \/>Naturalmente, possiamo capire tutto questo e siamo completamente d'accordo.<\/p>\t\t\t\t\t\t<\/div>\n\t\t\t\t<\/div>\n\t\t\t\t\t<\/div>\n\t\t<\/div>\n\t\t\t\t\t\t\t<\/div>\n\t\t<\/section>\n\t\t\t\t<section class=\"has_eae_slider elementor-section elementor-top-section elementor-element elementor-element-4426754 elementor-section-boxed elementor-section-height-default elementor-section-height-default\" data-eae-slider=\"54517\" data-id=\"4426754\" data-element_type=\"section\">\n\t\t\t\t\t\t<div class=\"elementor-container elementor-column-gap-default\">\n\t\t\t\t\t<div class=\"has_eae_slider elementor-column elementor-col-100 elementor-top-column elementor-element elementor-element-0d13d35\" data-eae-slider=\"65271\" data-id=\"0d13d35\" data-element_type=\"column\">\n\t\t\t<div class=\"elementor-widget-wrap elementor-element-populated\">\n\t\t\t\t\t\t\t\t<div class=\"elementor-element elementor-element-58b6dd1 elementor-widget elementor-widget-heading\" data-id=\"58b6dd1\" data-element_type=\"widget\" data-widget_type=\"heading.default\">\n\t\t\t\t<div class=\"elementor-widget-container\">\n\t\t\t<h3 class=\"elementor-heading-title elementor-size-default\">Giro gratis?<\/h3>\t\t<\/div>\n\t\t\t\t<\/div>\n\t\t\t\t<div class=\"elementor-element elementor-element-541bde0 elementor-widget-divider--view-line elementor-widget elementor-widget-divider\" data-id=\"541bde0\" data-element_type=\"widget\" data-widget_type=\"divider.default\">\n\t\t\t\t<div class=\"elementor-widget-container\">\n\t\t\t\t\t<div class=\"elementor-divider\">\n\t\t\t<span class=\"elementor-divider-separator\">\n\t\t\t\t\t\t<\/span>\n\t\t<\/div>\n\t\t\t\t<\/div>\n\t\t\t\t<\/div>\n\t\t\t\t\t<\/div>\n\t\t<\/div>\n\t\t\t\t\t\t\t<\/div>\n\t\t<\/section>\n\t\t\t\t<section class=\"has_eae_slider elementor-section elementor-top-section elementor-element elementor-element-9416413 elementor-section-boxed elementor-section-height-default elementor-section-height-default\" data-eae-slider=\"18300\" data-id=\"9416413\" data-element_type=\"section\">\n\t\t\t\t\t\t<div class=\"elementor-container elementor-column-gap-default\">\n\t\t\t\t\t<div class=\"has_eae_slider elementor-column elementor-col-50 elementor-top-column elementor-element elementor-element-ee59012\" data-eae-slider=\"79254\" data-id=\"ee59012\" data-element_type=\"column\">\n\t\t\t<div class=\"elementor-widget-wrap elementor-element-populated\">\n\t\t\t\t\t\t\t\t<div class=\"elementor-element elementor-element-d07aede elementor-widget elementor-widget-text-editor\" data-id=\"d07aede\" data-element_type=\"widget\" data-widget_type=\"text-editor.default\">\n\t\t\t\t<div class=\"elementor-widget-container\">\n\t\t\t\t\t\t\t<p>Tuttavia, bisogna fare attenzione che questo non diventi un \"lasciapassare\" per chiudere sentieri o percorsi escursionistici. Sfortunatamente, per\u00f2, questo \u00e8 esattamente ci\u00f2 che accade rapidamente dopo. Quindi non \u00e8 comprensibile per noi, perch\u00e9 i sentieri escursionistici sono chiusi con cancelli e recinzioni per tenere lontani i ciclisti come se fosse un\u00a0<a href=\"https:\/\/www.suedtirolnews.it\/chronik\/plose-kein-weiterkommen-mehr-fuer-mountainbike-fahrer\" target=\"_blank\" rel=\"noopener\"><span style=\"color: #333333;\"><strong>Rapporto del quotidiano Alto Adige<\/strong><\/span><\/a>\u00a0\u00e8 successo sulla Plose.<\/p><p>Che i proprietari delle propriet\u00e0 su cui corrono i sentieri ufficiali vogliano proteggersi da azioni legali da parte di persone che hanno avuto incidenti \u00e8 ovviamente comprensibile. Tuttavia, questo non pu\u00f2 e non deve portare al fatto che i sentieri sono chiusi con recinzioni e cancelli alti un metro e quindi non possono pi\u00f9 essere utilizzati da persone in sedia a rotelle. Piuttosto, \u00e8 importante creare un quadro giuridico per i proprietari, in modo che possano essere perseguiti solo in certi casi di grave negligenza.<\/p><p>Un altro motivo che viene spesso citato \u00e8 che i pedoni su un sentiero hanno bisogno di raggiungere la sicurezza dai \"Raudis su ruote\". Questo pu\u00f2 certamente essere vero in un posto o in un altro, ma non credo che un pedone su un sentiero escursionistico abbia bisogno di mettersi in salvo da una persona in sedia a rotelle, per esempio, saltando su un argine o gettandosi nel lago Montiggl.<\/p><p>Anche le ruote di una sedia a rotelle - ok, spesso sono profili di mountain bike - difficilmente distruggono la fauna locale. Il boom edilizio in corso \u00e8 probabilmente pi\u00f9 responsabile di questo.<\/p>\t\t\t\t\t\t<\/div>\n\t\t\t\t<\/div>\n\t\t\t\t\t<\/div>\n\t\t<\/div>\n\t\t\t\t<div class=\"has_eae_slider elementor-column elementor-col-50 elementor-top-column elementor-element elementor-element-15e17aa\" data-eae-slider=\"24242\" data-id=\"15e17aa\" data-element_type=\"column\">\n\t\t\t<div class=\"elementor-widget-wrap elementor-element-populated\">\n\t\t\t\t\t\t\t\t<div class=\"elementor-element elementor-element-23be6d2 elementor-widget elementor-widget-gallery\" data-id=\"23be6d2\" data-element_type=\"widget\" data-settings=\"{&quot;columns&quot;:1,&quot;gap&quot;:{&quot;unit&quot;:&quot;px&quot;,&quot;size&quot;:5,&quot;sizes&quot;:[]},&quot;overlay_description&quot;:&quot;description&quot;,&quot;lazyload&quot;:&quot;yes&quot;,&quot;gallery_layout&quot;:&quot;grid&quot;,&quot;columns_tablet&quot;:2,&quot;columns_mobile&quot;:1,&quot;gap_tablet&quot;:{&quot;unit&quot;:&quot;px&quot;,&quot;size&quot;:10,&quot;sizes&quot;:[]},&quot;gap_mobile&quot;:{&quot;unit&quot;:&quot;px&quot;,&quot;size&quot;:10,&quot;sizes&quot;:[]},&quot;link_to&quot;:&quot;file&quot;,&quot;aspect_ratio&quot;:&quot;3:2&quot;,&quot;overlay_background&quot;:&quot;yes&quot;,&quot;content_hover_animation&quot;:&quot;fade-in&quot;}\" data-widget_type=\"gallery.default\">\n\t\t\t\t<div class=\"elementor-widget-container\">\n\t\t\t\t\t<div class=\"elementor-gallery__container\">\n\t\t\t\t\t\t\t<a class=\"e-gallery-item elementor-gallery-item elementor-animated-content\" href=\"https:\/\/wheelchair-tours.org\/wp-content\/uploads\/2020\/01\/Wheelchair-Tours-Rollstuhl-Wanderwege-S\u00fcdtirol-Blog-Eppan-Wegsperre-Plose-SuedtirolNews-AltoAdige.jpg\" data-elementor-open-lightbox=\"yes\" data-elementor-lightbox-slideshow=\"all-23be6d2\" data-elementor-lightbox-title=\"Wheelchair-Tours-Rollstuhl-Wanderwege-S\u00fcdtirol-Blog-Eppan-Wegsperre-Plose-SuedtirolNews-AltoAdige\" data-elementor-lightbox-description=\"\u00a9 Alto Adige\" data-e-action-hash=\"#elementor-action%3Aaction%3Dlightbox%26settings%3DeyJpZCI6NDEzOCwidXJsIjoiaHR0cHM6XC9cL3doZWVsY2hhaXItdG91cnMub3JnXC93cC1jb250ZW50XC91cGxvYWRzXC8yMDIwXC8wMVwvV2hlZWxjaGFpci1Ub3Vycy1Sb2xsc3R1aGwtV2FuZGVyd2VnZS1TXHUwMGZjZHRpcm9sLUJsb2ctRXBwYW4tV2Vnc3BlcnJlLVBsb3NlLVN1ZWR0aXJvbE5ld3MtQWx0b0FkaWdlLmpwZyIsInNsaWRlc2hvdyI6ImFsbC0yM2JlNmQyIn0%3D\">\n\t\t\t\t\t<div class=\"e-gallery-image elementor-gallery-item__image\" data-thumbnail=\"https:\/\/wheelchair-tours.org\/wp-content\/uploads\/2020\/01\/Wheelchair-Tours-Rollstuhl-Wanderwege-S\u00fcdtirol-Blog-Eppan-Wegsperre-Plose-SuedtirolNews-AltoAdige.jpg\" data-width=\"640\" data-height=\"400\" alt=\"Wheelchair-Tours-Rollstuhl-Wanderwege-S\u00fcdtirol-Blog-Eppan-Wegsperre-Plose-SuedtirolNews-AltoAdige\" ><\/div>\n\t\t\t\t\t\t\t\t\t\t\t<div class=\"elementor-gallery-item__overlay\"><\/div>\n\t\t\t\t\t\t\t\t\t\t\t\t\t\t\t<div class=\"elementor-gallery-item__content\">\n\t\t\t\t\t\t\t\t\t\t\t\t\t\t<div class=\"elementor-gallery-item__description\">\n\t\t\t\t\t\t\t\t\t\t\t\t\t\t\t\t\t\t\u00a9 Alto Adige\t\t\t\t\t\t\t\t<\/div>\n\t\t\t\t\t\t\t\t\t\t\t\t<\/div>\n\t\t\t\t\t\t\t\t\t<\/a>\n\t\t\t\t\t<\/div>\n\t\t\t<\/div>\n\t\t\t\t<\/div>\n\t\t\t\t<div class=\"elementor-element elementor-element-c614397 elementor-widget elementor-widget-text-editor\" data-id=\"c614397\" data-element_type=\"widget\" data-widget_type=\"text-editor.default\">\n\t\t\t\t<div class=\"elementor-widget-container\">\n\t\t\t\t\t\t\t<p>Plose<\/p>\t\t\t\t\t\t<\/div>\n\t\t\t\t<\/div>\n\t\t\t\t<div class=\"elementor-element elementor-element-ef9e79b elementor-widget-divider--view-line elementor-widget elementor-widget-divider\" data-id=\"ef9e79b\" data-element_type=\"widget\" data-widget_type=\"divider.default\">\n\t\t\t\t<div class=\"elementor-widget-container\">\n\t\t\t\t\t<div class=\"elementor-divider\">\n\t\t\t<span class=\"elementor-divider-separator\">\n\t\t\t\t\t\t<\/span>\n\t\t<\/div>\n\t\t\t\t<\/div>\n\t\t\t\t<\/div>\n\t\t\t\t<div class=\"elementor-element elementor-element-b2b6ade elementor-widget elementor-widget-gallery\" data-id=\"b2b6ade\" data-element_type=\"widget\" data-settings=\"{&quot;columns&quot;:1,&quot;gap&quot;:{&quot;unit&quot;:&quot;px&quot;,&quot;size&quot;:5,&quot;sizes&quot;:[]},&quot;overlay_description&quot;:&quot;description&quot;,&quot;lazyload&quot;:&quot;yes&quot;,&quot;gallery_layout&quot;:&quot;grid&quot;,&quot;columns_tablet&quot;:2,&quot;columns_mobile&quot;:1,&quot;gap_tablet&quot;:{&quot;unit&quot;:&quot;px&quot;,&quot;size&quot;:10,&quot;sizes&quot;:[]},&quot;gap_mobile&quot;:{&quot;unit&quot;:&quot;px&quot;,&quot;size&quot;:10,&quot;sizes&quot;:[]},&quot;link_to&quot;:&quot;file&quot;,&quot;aspect_ratio&quot;:&quot;3:2&quot;,&quot;overlay_background&quot;:&quot;yes&quot;,&quot;content_hover_animation&quot;:&quot;fade-in&quot;}\" data-widget_type=\"gallery.default\">\n\t\t\t\t<div class=\"elementor-widget-container\">\n\t\t\t\t\t<div class=\"elementor-gallery__container\">\n\t\t\t\t\t\t\t<a class=\"e-gallery-item elementor-gallery-item elementor-animated-content\" href=\"https:\/\/wheelchair-tours.org\/wp-content\/uploads\/2020\/01\/Wheelchair-Tours-Rollstuhl-Wanderwege-S\u00fcdtirol-Blog-Eppan-Wegsperre-Rad-Alexandra-Dech-Unsplash.jpg\" data-elementor-open-lightbox=\"yes\" data-elementor-lightbox-slideshow=\"all-b2b6ade\" data-elementor-lightbox-title=\"Wheelchair-Tours-Rollstuhl-Wanderwege-S\u00fcdtirol-Blog-Eppan-Wegsperre-Rad-Alexandra-Dech-Unsplash\" data-elementor-lightbox-description=\"\u00a9 Alexandra Dech on Unsplash\" data-e-action-hash=\"#elementor-action%3Aaction%3Dlightbox%26settings%3DeyJpZCI6NDEyMSwidXJsIjoiaHR0cHM6XC9cL3doZWVsY2hhaXItdG91cnMub3JnXC93cC1jb250ZW50XC91cGxvYWRzXC8yMDIwXC8wMVwvV2hlZWxjaGFpci1Ub3Vycy1Sb2xsc3R1aGwtV2FuZGVyd2VnZS1TXHUwMGZjZHRpcm9sLUJsb2ctRXBwYW4tV2Vnc3BlcnJlLVJhZC1BbGV4YW5kcmEtRGVjaC1VbnNwbGFzaC5qcGciLCJzbGlkZXNob3ciOiJhbGwtYjJiNmFkZSJ9\">\n\t\t\t\t\t<div class=\"e-gallery-image elementor-gallery-item__image\" data-thumbnail=\"https:\/\/wheelchair-tours.org\/wp-content\/uploads\/2020\/01\/Wheelchair-Tours-Rollstuhl-Wanderwege-S\u00fcdtirol-Blog-Eppan-Wegsperre-Rad-Alexandra-Dech-Unsplash.jpg\" data-width=\"640\" data-height=\"400\" alt=\"Wheelchair-Tours-Rollstuhl-Wanderwege-S\u00fcdtirol-Blog-Eppan-Wegsperre-Rad-Alexandra-Dech-Unsplash\" ><\/div>\n\t\t\t\t\t\t\t\t\t\t\t<div class=\"elementor-gallery-item__overlay\"><\/div>\n\t\t\t\t\t\t\t\t\t\t\t\t\t\t\t<div class=\"elementor-gallery-item__content\">\n\t\t\t\t\t\t\t\t\t\t\t\t\t\t<div class=\"elementor-gallery-item__description\">\n\t\t\t\t\t\t\t\t\t\t\t\t\t\t\t\t\t\t\u00a9 Alexandra Dech su Unsplash\t\t\t\t\t\t\t\t<\/div>\n\t\t\t\t\t\t\t\t\t\t\t\t<\/div>\n\t\t\t\t\t\t\t\t\t<\/a>\n\t\t\t\t\t<\/div>\n\t\t\t<\/div>\n\t\t\t\t<\/div>\n\t\t\t\t\t<\/div>\n\t\t<\/div>\n\t\t\t\t\t\t\t<\/div>\n\t\t<\/section>\n\t\t\t\t<section class=\"has_eae_slider elementor-section elementor-top-section elementor-element elementor-element-3821c53 elementor-section-boxed elementor-section-height-default elementor-section-height-default\" data-eae-slider=\"87065\" data-id=\"3821c53\" data-element_type=\"section\">\n\t\t\t\t\t\t<div class=\"elementor-container elementor-column-gap-default\">\n\t\t\t\t\t<div class=\"has_eae_slider elementor-column elementor-col-100 elementor-top-column elementor-element elementor-element-9d68bce\" data-eae-slider=\"53787\" data-id=\"9d68bce\" data-element_type=\"column\">\n\t\t\t<div class=\"elementor-widget-wrap elementor-element-populated\">\n\t\t\t\t\t\t\t\t<div class=\"elementor-element elementor-element-47d6a5c elementor-widget elementor-widget-heading\" data-id=\"47d6a5c\" data-element_type=\"widget\" data-widget_type=\"heading.default\">\n\t\t\t\t<div class=\"elementor-widget-container\">\n\t\t\t<h3 class=\"elementor-heading-title elementor-size-default\">Qual \u00e8 la situazione in altri paesi?<\/h3>\t\t<\/div>\n\t\t\t\t<\/div>\n\t\t\t\t<div class=\"elementor-element elementor-element-7ff7d74 elementor-widget-divider--view-line elementor-widget elementor-widget-divider\" data-id=\"7ff7d74\" data-element_type=\"widget\" data-widget_type=\"divider.default\">\n\t\t\t\t<div class=\"elementor-widget-container\">\n\t\t\t\t\t<div class=\"elementor-divider\">\n\t\t\t<span class=\"elementor-divider-separator\">\n\t\t\t\t\t\t<\/span>\n\t\t<\/div>\n\t\t\t\t<\/div>\n\t\t\t\t<\/div>\n\t\t\t\t\t<\/div>\n\t\t<\/div>\n\t\t\t\t\t\t\t<\/div>\n\t\t<\/section>\n\t\t\t\t<section class=\"has_eae_slider elementor-section elementor-top-section elementor-element elementor-element-04f693b elementor-section-boxed elementor-section-height-default elementor-section-height-default\" data-eae-slider=\"75601\" data-id=\"04f693b\" data-element_type=\"section\">\n\t\t\t\t\t\t<div class=\"elementor-container elementor-column-gap-default\">\n\t\t\t\t\t<div class=\"has_eae_slider elementor-column elementor-col-50 elementor-top-column elementor-element elementor-element-496b8c7\" data-eae-slider=\"43365\" data-id=\"496b8c7\" data-element_type=\"column\">\n\t\t\t<div class=\"elementor-widget-wrap elementor-element-populated\">\n\t\t\t\t\t\t\t\t<div class=\"elementor-element elementor-element-b180203 elementor-widget elementor-widget-gallery\" data-id=\"b180203\" data-element_type=\"widget\" data-settings=\"{&quot;ideal_row_height&quot;:{&quot;unit&quot;:&quot;px&quot;,&quot;size&quot;:278,&quot;sizes&quot;:[]},&quot;gap&quot;:{&quot;unit&quot;:&quot;px&quot;,&quot;size&quot;:5,&quot;sizes&quot;:[]},&quot;overlay_description&quot;:&quot;description&quot;,&quot;gallery_layout&quot;:&quot;justified&quot;,&quot;lazyload&quot;:&quot;yes&quot;,&quot;ideal_row_height_tablet&quot;:{&quot;unit&quot;:&quot;px&quot;,&quot;size&quot;:150,&quot;sizes&quot;:[]},&quot;ideal_row_height_mobile&quot;:{&quot;unit&quot;:&quot;px&quot;,&quot;size&quot;:150,&quot;sizes&quot;:[]},&quot;gap_tablet&quot;:{&quot;unit&quot;:&quot;px&quot;,&quot;size&quot;:10,&quot;sizes&quot;:[]},&quot;gap_mobile&quot;:{&quot;unit&quot;:&quot;px&quot;,&quot;size&quot;:10,&quot;sizes&quot;:[]},&quot;link_to&quot;:&quot;file&quot;,&quot;overlay_background&quot;:&quot;yes&quot;,&quot;content_hover_animation&quot;:&quot;fade-in&quot;}\" data-widget_type=\"gallery.default\">\n\t\t\t\t<div class=\"elementor-widget-container\">\n\t\t\t\t\t<div class=\"elementor-gallery__container\">\n\t\t\t\t\t\t\t<a class=\"e-gallery-item elementor-gallery-item elementor-animated-content\" href=\"https:\/\/wheelchair-tours.org\/wp-content\/uploads\/2020\/01\/Wheelchair-Tours-Rollstuhl-Wanderwege-S\u00fcdtirol-Blog-Eppan-Neu-Seeland-Cycle-Gates-Facebbook.jpg\" data-elementor-open-lightbox=\"yes\" data-elementor-lightbox-slideshow=\"all-b180203\" data-elementor-lightbox-title=\"Wheelchair-Tours-Rollstuhl-Wanderwege-S\u00fcdtirol-Blog-Eppan-Neu-Seeland-Cycle-Gates-Facebbook\" data-elementor-lightbox-description=\"\u00a9 Making Trax\" data-e-action-hash=\"#elementor-action%3Aaction%3Dlightbox%26settings%3DeyJpZCI6NDExOSwidXJsIjoiaHR0cHM6XC9cL3doZWVsY2hhaXItdG91cnMub3JnXC93cC1jb250ZW50XC91cGxvYWRzXC8yMDIwXC8wMVwvV2hlZWxjaGFpci1Ub3Vycy1Sb2xsc3R1aGwtV2FuZGVyd2VnZS1TXHUwMGZjZHRpcm9sLUJsb2ctRXBwYW4tTmV1LVNlZWxhbmQtQ3ljbGUtR2F0ZXMtRmFjZWJib29rLmpwZyIsInNsaWRlc2hvdyI6ImFsbC1iMTgwMjAzIn0%3D\">\n\t\t\t\t\t<div class=\"e-gallery-image elementor-gallery-item__image\" data-thumbnail=\"https:\/\/wheelchair-tours.org\/wp-content\/uploads\/2020\/01\/Wheelchair-Tours-Rollstuhl-Wanderwege-S\u00fcdtirol-Blog-Eppan-Neu-Seeland-Cycle-Gates-Facebbook.jpg\" data-width=\"640\" data-height=\"400\" alt=\"Wheelchair-Tours-Rollstuhl-Wanderwege-S\u00fcdtirol-Blog-Eppan-Neu-Seeland-Cycle-Gates-Facebbook\" ><\/div>\n\t\t\t\t\t\t\t\t\t\t\t<div class=\"elementor-gallery-item__overlay\"><\/div>\n\t\t\t\t\t\t\t\t\t\t\t\t\t\t\t<div class=\"elementor-gallery-item__content\">\n\t\t\t\t\t\t\t\t\t\t\t\t\t\t<div class=\"elementor-gallery-item__description\">\n\t\t\t\t\t\t\t\t\t\t\t\t\t\t\t\t\t\t\u00a9 Fare Trax\t\t\t\t\t\t\t\t<\/div>\n\t\t\t\t\t\t\t\t\t\t\t\t<\/div>\n\t\t\t\t\t\t\t\t\t<\/a>\n\t\t\t\t\t\t\t<a class=\"e-gallery-item elementor-gallery-item elementor-animated-content\" href=\"https:\/\/wheelchair-tours.org\/wp-content\/uploads\/2020\/01\/Wheelchair-Tours-Rollstuhl-Wanderwege-S\u00fcdtirol-Blog-Eppan-Neu-Seeland-Cycle-Gates-MakingTrax.jpg\" data-elementor-open-lightbox=\"yes\" data-elementor-lightbox-slideshow=\"all-b180203\" data-elementor-lightbox-title=\"Wheelchair-Tours-Rollstuhl-Wanderwege-S\u00fcdtirol-Blog-Eppan-Neu-Seeland-Cycle-Gates-MakingTrax\" data-elementor-lightbox-description=\"\u00a9 Making trax\" data-e-action-hash=\"#elementor-action%3Aaction%3Dlightbox%26settings%3DeyJpZCI6NDE1OCwidXJsIjoiaHR0cHM6XC9cL3doZWVsY2hhaXItdG91cnMub3JnXC93cC1jb250ZW50XC91cGxvYWRzXC8yMDIwXC8wMVwvV2hlZWxjaGFpci1Ub3Vycy1Sb2xsc3R1aGwtV2FuZGVyd2VnZS1TXHUwMGZjZHRpcm9sLUJsb2ctRXBwYW4tTmV1LVNlZWxhbmQtQ3ljbGUtR2F0ZXMtTWFraW5nVHJheC5qcGciLCJzbGlkZXNob3ciOiJhbGwtYjE4MDIwMyJ9\">\n\t\t\t\t\t<div class=\"e-gallery-image elementor-gallery-item__image\" data-thumbnail=\"https:\/\/wheelchair-tours.org\/wp-content\/uploads\/2020\/01\/Wheelchair-Tours-Rollstuhl-Wanderwege-S\u00fcdtirol-Blog-Eppan-Neu-Seeland-Cycle-Gates-MakingTrax.jpg\" data-width=\"400\" data-height=\"640\" alt=\"Wheelchair-Tours-Rollstuhl-Wanderwege-S\u00fcdtirol-Blog-Eppan-Neu-Seeland-Cycle-Gates-MakingTrax\" ><\/div>\n\t\t\t\t\t\t\t\t\t\t\t<div class=\"elementor-gallery-item__overlay\"><\/div>\n\t\t\t\t\t\t\t\t\t\t\t\t\t\t\t<div class=\"elementor-gallery-item__content\">\n\t\t\t\t\t\t\t\t\t\t\t\t\t\t<div class=\"elementor-gallery-item__description\">\n\t\t\t\t\t\t\t\t\t\t\t\t\t\t\t\t\t\t\u00a9 Fare trax\t\t\t\t\t\t\t\t<\/div>\n\t\t\t\t\t\t\t\t\t\t\t\t<\/div>\n\t\t\t\t\t\t\t\t\t<\/a>\n\t\t\t\t\t<\/div>\n\t\t\t<\/div>\n\t\t\t\t<\/div>\n\t\t\t\t<div class=\"elementor-element elementor-element-e8b3c19 elementor-widget elementor-widget-text-editor\" data-id=\"e8b3c19\" data-element_type=\"widget\" data-widget_type=\"text-editor.default\">\n\t\t\t\t<div class=\"elementor-widget-container\">\n\t\t\t\t\t\t\t<p>Immagini fornite da <strong><span style=\"color: #333333;\"><a style=\"color: #333333;\" href=\"https:\/\/www.makingtrax.co.nz\" target=\"_blank\" rel=\"noopener\">Fare Trax<\/a><\/span><\/strong><\/p>\t\t\t\t\t\t<\/div>\n\t\t\t\t<\/div>\n\t\t\t\t<div class=\"elementor-element elementor-element-a038afc elementor-widget elementor-widget-gallery\" data-id=\"a038afc\" data-element_type=\"widget\" data-settings=\"{&quot;columns&quot;:1,&quot;gap&quot;:{&quot;unit&quot;:&quot;px&quot;,&quot;size&quot;:20,&quot;sizes&quot;:[]},&quot;overlay_description&quot;:&quot;description&quot;,&quot;lazyload&quot;:&quot;yes&quot;,&quot;gallery_layout&quot;:&quot;grid&quot;,&quot;columns_tablet&quot;:2,&quot;columns_mobile&quot;:1,&quot;gap_tablet&quot;:{&quot;unit&quot;:&quot;px&quot;,&quot;size&quot;:10,&quot;sizes&quot;:[]},&quot;gap_mobile&quot;:{&quot;unit&quot;:&quot;px&quot;,&quot;size&quot;:10,&quot;sizes&quot;:[]},&quot;link_to&quot;:&quot;file&quot;,&quot;aspect_ratio&quot;:&quot;3:2&quot;,&quot;overlay_background&quot;:&quot;yes&quot;,&quot;content_hover_animation&quot;:&quot;fade-in&quot;}\" data-widget_type=\"gallery.default\">\n\t\t\t\t<div class=\"elementor-widget-container\">\n\t\t\t\t\t<div class=\"elementor-gallery__container\">\n\t\t\t\t\t\t\t<a class=\"e-gallery-item elementor-gallery-item elementor-animated-content\" href=\"https:\/\/wheelchair-tours.org\/wp-content\/uploads\/2020\/01\/Wheelchair-Tours-Rollstuhl-Wanderwege-S\u00fcdtirol-Blog-Eppan-Neu-Seeland-Cycle-Gates-Trailforks.jpg\" data-elementor-open-lightbox=\"yes\" data-elementor-lightbox-slideshow=\"all-a038afc\" data-elementor-lightbox-title=\"Wheelchair-Tours-Rollstuhl-Wanderwege-S\u00fcdtirol-Blog-Eppan-Neu-Seeland-Cycle-Gates-Trailforks\" data-elementor-lightbox-description=\"\u00a9 www. trailforks. com\" data-e-action-hash=\"#elementor-action%3Aaction%3Dlightbox%26settings%3DeyJpZCI6NDEyNywidXJsIjoiaHR0cHM6XC9cL3doZWVsY2hhaXItdG91cnMub3JnXC93cC1jb250ZW50XC91cGxvYWRzXC8yMDIwXC8wMVwvV2hlZWxjaGFpci1Ub3Vycy1Sb2xsc3R1aGwtV2FuZGVyd2VnZS1TXHUwMGZjZHRpcm9sLUJsb2ctRXBwYW4tTmV1LVNlZWxhbmQtQ3ljbGUtR2F0ZXMtVHJhaWxmb3Jrcy5qcGciLCJzbGlkZXNob3ciOiJhbGwtYTAzOGFmYyJ9\">\n\t\t\t\t\t<div class=\"e-gallery-image elementor-gallery-item__image\" data-thumbnail=\"https:\/\/wheelchair-tours.org\/wp-content\/uploads\/2020\/01\/Wheelchair-Tours-Rollstuhl-Wanderwege-S\u00fcdtirol-Blog-Eppan-Neu-Seeland-Cycle-Gates-Trailforks.jpg\" data-width=\"640\" data-height=\"400\" alt=\"Wheelchair-Tours-Rollstuhl-Wanderwege-S\u00fcdtirol-Blog-Eppan-Neu-Seeland-Cycle-Gates-Trailforks\" ><\/div>\n\t\t\t\t\t\t\t\t\t\t\t<div class=\"elementor-gallery-item__overlay\"><\/div>\n\t\t\t\t\t\t\t\t\t\t\t\t\t\t\t<div class=\"elementor-gallery-item__content\">\n\t\t\t\t\t\t\t\t\t\t\t\t\t\t<div class=\"elementor-gallery-item__description\">\n\t\t\t\t\t\t\t\t\t\t\t\t\t\t\t\t\t\t\u00a9 www. trailforks. com\t\t\t\t\t\t\t\t<\/div>\n\t\t\t\t\t\t\t\t\t\t\t\t<\/div>\n\t\t\t\t\t\t\t\t\t<\/a>\n\t\t\t\t\t<\/div>\n\t\t\t<\/div>\n\t\t\t\t<\/div>\n\t\t\t\t\t<\/div>\n\t\t<\/div>\n\t\t\t\t<div class=\"has_eae_slider elementor-column elementor-col-50 elementor-top-column elementor-element elementor-element-01eda94\" data-eae-slider=\"95485\" data-id=\"01eda94\" data-element_type=\"column\">\n\t\t\t<div class=\"elementor-widget-wrap elementor-element-populated\">\n\t\t\t\t\t\t\t\t<div class=\"elementor-element elementor-element-50f447c elementor-widget elementor-widget-text-editor\" data-id=\"50f447c\" data-element_type=\"widget\" data-widget_type=\"text-editor.default\">\n\t\t\t\t<div class=\"elementor-widget-container\">\n\t\t\t\t\t\t\t<p>I rapporti sui cambiamenti in Alto Adige sono un po' pi\u00f9 vecchi e a quel tempo ci stavamo solo interrogando su di essi.<\/p><p>Ora, tuttavia, siamo venuti a conoscenza attraverso un post sui social media che questo approccio non \u00e8 apparentemente interessante solo per le autorit\u00e0 locali in Alto Adige. In altri paesi non sono necessariamente i ciclisti, ma piuttosto i ciclomotori o altri veicoli a ruote con una certa velocit\u00e0 - tuttavia, nessuno sembra pensare agli utenti di sedie a rotelle anche qui.<\/p><p>Cos\u00ec al momento in <b>Nuova Zelanda <\/b>un'innovazione \u00e8 stata molto discussa. Qui - anche attraverso i comitati nazionali - i cosiddetti <b>Cancelli della pista ciclabile<\/b> (vedi foto). Analogamente alle azioni in Alto Adige, queste hanno lo scopo di impedire, per esempio, ai ciclisti di usare certi percorsi, o di rallentarli in qualche modo. In Nuova Zelanda, l'attenzione principale \u00e8 sui veicoli a motore. Un \"cancello\" \u00e8 certamente un modo per impedire alle persone di fare qualcosa di specifico, ma certamente non il pi\u00f9 intelligente e sostenibile.<\/p><p>Dopo notevoli proteste da parte delle varie associazioni di disabili, alcuni di questi cancelli sono stati nuovamente smantellati, mentre altri sono stati dotati di una chiave che pu\u00f2 essere utilizzata per aprire la barriera. Questo pu\u00f2 essere ottenuto dal rispettivo comune. <br \/>Perch\u00e9 essere semplici quando si pu\u00f2 essere complicati.<\/p><p>Molto \u00e8 gi\u00e0 stato fatto per l'accessibilit\u00e0 e sempre e ovunque si incontrano persone laboriose che continuano a tenere alta la bandiera. Ma queste sono battute d'arresto che si \u00e8 riluttanti ad accettare. \u00c8 troppo chiedere alle persone di pensare alle conseguenze prima di intraprendere tali azioni, e non considerare solo quelli che possono aggirare queste barriere con altri mezzi? Dopotutto, in caso di dubbio, un ciclista solleva semplicemente la sua bicicletta, o almeno un ciclista sportivo lo fa.<\/p><p><strong>Ma come pu\u00f2 farlo una persona su una sedia a rotelle elettrica?<\/strong><\/p>\t\t\t\t\t\t<\/div>\n\t\t\t\t<\/div>\n\t\t\t\t\t<\/div>\n\t\t<\/div>\n\t\t\t\t\t\t\t<\/div>\n\t\t<\/section>\n\t\t\t\t<section class=\"has_eae_slider elementor-section elementor-top-section elementor-element elementor-element-497c881 elementor-section-boxed elementor-section-height-default elementor-section-height-default\" data-eae-slider=\"48404\" data-id=\"497c881\" data-element_type=\"section\">\n\t\t\t\t\t\t<div class=\"elementor-container elementor-column-gap-default\">\n\t\t\t\t\t<div class=\"has_eae_slider elementor-column elementor-col-100 elementor-top-column elementor-element elementor-element-6fbdb67\" data-eae-slider=\"29895\" data-id=\"6fbdb67\" data-element_type=\"column\">\n\t\t\t<div class=\"elementor-widget-wrap elementor-element-populated\">\n\t\t\t\t\t\t\t\t<div class=\"elementor-element elementor-element-b637f32 elementor-widget elementor-widget-heading\" data-id=\"b637f32\" data-element_type=\"widget\" data-widget_type=\"heading.default\">\n\t\t\t\t<div class=\"elementor-widget-container\">\n\t\t\t<h3 class=\"elementor-heading-title elementor-size-default\">A volte sono solo piccole cose<\/h3>\t\t<\/div>\n\t\t\t\t<\/div>\n\t\t\t\t<div class=\"elementor-element elementor-element-43d44b3 elementor-widget-divider--view-line elementor-widget elementor-widget-divider\" data-id=\"43d44b3\" data-element_type=\"widget\" data-widget_type=\"divider.default\">\n\t\t\t\t<div class=\"elementor-widget-container\">\n\t\t\t\t\t<div class=\"elementor-divider\">\n\t\t\t<span class=\"elementor-divider-separator\">\n\t\t\t\t\t\t<\/span>\n\t\t<\/div>\n\t\t\t\t<\/div>\n\t\t\t\t<\/div>\n\t\t\t\t\t<\/div>\n\t\t<\/div>\n\t\t\t\t\t\t\t<\/div>\n\t\t<\/section>\n\t\t\t\t<section class=\"has_eae_slider elementor-section elementor-top-section elementor-element elementor-element-aac4562 elementor-section-boxed elementor-section-height-default elementor-section-height-default\" data-eae-slider=\"65214\" data-id=\"aac4562\" data-element_type=\"section\">\n\t\t\t\t\t\t<div class=\"elementor-container elementor-column-gap-default\">\n\t\t\t\t\t<div class=\"has_eae_slider elementor-column elementor-col-50 elementor-top-column elementor-element elementor-element-e9ac8c1\" data-eae-slider=\"82761\" data-id=\"e9ac8c1\" data-element_type=\"column\">\n\t\t\t<div class=\"elementor-widget-wrap elementor-element-populated\">\n\t\t\t\t\t\t\t\t<div class=\"elementor-element elementor-element-575f57e elementor-widget elementor-widget-text-editor\" data-id=\"575f57e\" data-element_type=\"widget\" data-widget_type=\"text-editor.default\">\n\t\t\t\t<div class=\"elementor-widget-container\">\n\t\t\t\t\t\t\t<p>A volte i sentieri devono essere chiusi per vari motivi. Tuttavia, la maggior parte dei sentieri - soprattutto in Alto Adige - sono tenuti in buono stato e, soprattutto, sono anche aggressivamente pubblicizzati. Quindi non c'\u00e8 da meravigliarsi se sempre pi\u00f9 turisti vengono qui a godersi le Alpi. Ma tra i turisti ci sono anche persone in sedia a rotelle. E soprattutto qui, di solito \u00e8 solo una piccola cosa da cambiare sui sentieri per renderli accessibili a diversi tipi di sedie a rotelle. Quindi ci sono abbastanza percorsi che sono super sviluppati e solo uno <b>piccolo collo di bottiglia o forse 3 passi<\/b> lungo tutto il percorso. Ma sono proprio questi i motivi per cui questi sentieri non sono pi\u00f9 accessibili alle persone in sedia a rotelle. Sarebbe molto auspicabile che non si prestasse tanta attenzione al divieto o al blocco dei sentieri per certi utenti, ma piuttosto a creare l'offerta giusta per i diversi visitatori o a fare piccoli aggiustamenti all'offerta esistente per renderla disponibile ad altri gruppi di utenti.<\/p>\n<p>Naturalmente, ci\u00f2 che non deve soffrire affatto \u00e8 la natura. Perch\u00e9 senza la bella natura in Alto Adige e anche altrove, non avremmo nessun motivo per praticare i nostri sport all'aperto. \u00c8 quindi assolutamente necessario determinare un ordine adeguato nella pianificazione delle attivit\u00e0 turistiche e del tempo libero. Per noi \u00e8 chiaro che la natura viene prima di tutto. <b>Dopo di che, il gruppo target orientato<\/b>t<b> e per favore:<\/b>&nbsp;<\/p>\t\t\t\t\t\t<\/div>\n\t\t\t\t<\/div>\n\t\t\t\t\t<\/div>\n\t\t<\/div>\n\t\t\t\t<div class=\"has_eae_slider elementor-column elementor-col-50 elementor-top-column elementor-element elementor-element-939e993\" data-eae-slider=\"1827\" data-id=\"939e993\" data-element_type=\"column\">\n\t\t\t<div class=\"elementor-widget-wrap elementor-element-populated\">\n\t\t\t\t\t\t\t\t<div class=\"elementor-element elementor-element-c78a12a elementor-widget elementor-widget-gallery\" data-id=\"c78a12a\" data-element_type=\"widget\" data-settings=\"{&quot;gallery_layout&quot;:&quot;masonry&quot;,&quot;columns&quot;:2,&quot;lazyload&quot;:&quot;yes&quot;,&quot;columns_tablet&quot;:2,&quot;columns_mobile&quot;:1,&quot;gap&quot;:{&quot;unit&quot;:&quot;px&quot;,&quot;size&quot;:10,&quot;sizes&quot;:[]},&quot;gap_tablet&quot;:{&quot;unit&quot;:&quot;px&quot;,&quot;size&quot;:10,&quot;sizes&quot;:[]},&quot;gap_mobile&quot;:{&quot;unit&quot;:&quot;px&quot;,&quot;size&quot;:10,&quot;sizes&quot;:[]},&quot;link_to&quot;:&quot;file&quot;,&quot;overlay_background&quot;:&quot;yes&quot;,&quot;content_hover_animation&quot;:&quot;fade-in&quot;}\" data-widget_type=\"gallery.default\">\n\t\t\t\t<div class=\"elementor-widget-container\">\n\t\t\t\t\t<div class=\"elementor-gallery__container\">\n\t\t\t\t\t\t\t<a class=\"e-gallery-item elementor-gallery-item elementor-animated-content\" href=\"https:\/\/wheelchair-tours.org\/wp-content\/uploads\/2020\/01\/Wheelchair-Tours-Rollstuhl-Wanderwege-S\u00fcdtirol-Blog-Eppan-Wegsperre-Weg-Rad-Marcin-Kempa-Unsplash.jpg\" data-elementor-open-lightbox=\"yes\" data-elementor-lightbox-slideshow=\"all-c78a12a\" data-elementor-lightbox-title=\"Wheelchair-Tours-Rollstuhl-Wanderwege-S\u00fcdtirol-Blog-Eppan-Wegsperre-Weg-Rad-Marcin-Kempa-Unsplash\" data-elementor-lightbox-description=\"\u00a9 Marcin Kempa on Unsplash\" data-e-action-hash=\"#elementor-action%3Aaction%3Dlightbox%26settings%3DeyJpZCI6NDEyNiwidXJsIjoiaHR0cHM6XC9cL3doZWVsY2hhaXItdG91cnMub3JnXC93cC1jb250ZW50XC91cGxvYWRzXC8yMDIwXC8wMVwvV2hlZWxjaGFpci1Ub3Vycy1Sb2xsc3R1aGwtV2FuZGVyd2VnZS1TXHUwMGZjZHRpcm9sLUJsb2ctRXBwYW4tV2Vnc3BlcnJlLVdlZy1SYWQtTWFyY2luLUtlbXBhLVVuc3BsYXNoLmpwZyIsInNsaWRlc2hvdyI6ImFsbC1jNzhhMTJhIn0%3D\">\n\t\t\t\t\t<div class=\"e-gallery-image elementor-gallery-item__image\" data-thumbnail=\"https:\/\/wheelchair-tours.org\/wp-content\/uploads\/2020\/01\/Wheelchair-Tours-Rollstuhl-Wanderwege-S\u00fcdtirol-Blog-Eppan-Wegsperre-Weg-Rad-Marcin-Kempa-Unsplash.jpg\" data-width=\"640\" data-height=\"400\" alt=\"Wheelchair-Tours-Rollstuhl-Wanderwege-S\u00fcdtirol-Blog-Eppan-Wegsperre-Weg-Rad-Marcin-Kempa-Unsplash\" ><\/div>\n\t\t\t\t\t\t\t\t\t\t\t<div class=\"elementor-gallery-item__overlay\"><\/div>\n\t\t\t\t\t\t\t\t\t\t\t\t\t\t<\/a>\n\t\t\t\t\t\t\t<a class=\"e-gallery-item elementor-gallery-item elementor-animated-content\" href=\"https:\/\/wheelchair-tours.org\/wp-content\/uploads\/2020\/01\/Wheelchair-Tours-Rollstuhl-Wanderwege-S\u00fcdtirol-Blog-Eppan-Wegsperre-Weg-Baum-Natali-Panichkina-Unsplash.jpg\" data-elementor-open-lightbox=\"yes\" data-elementor-lightbox-slideshow=\"all-c78a12a\" data-elementor-lightbox-title=\"Wheelchair-Tours-Rollstuhl-Wanderwege-S\u00fcdtirol-Blog-Eppan-Wegsperre-Weg-Baum-Natali-Panichkina-Unsplash\" data-elementor-lightbox-description=\"\u00a9 Natali Panichkina on Unsplash\" data-e-action-hash=\"#elementor-action%3Aaction%3Dlightbox%26settings%3DeyJpZCI6NDEyNSwidXJsIjoiaHR0cHM6XC9cL3doZWVsY2hhaXItdG91cnMub3JnXC93cC1jb250ZW50XC91cGxvYWRzXC8yMDIwXC8wMVwvV2hlZWxjaGFpci1Ub3Vycy1Sb2xsc3R1aGwtV2FuZGVyd2VnZS1TXHUwMGZjZHRpcm9sLUJsb2ctRXBwYW4tV2Vnc3BlcnJlLVdlZy1CYXVtLU5hdGFsaS1QYW5pY2hraW5hLVVuc3BsYXNoLmpwZyIsInNsaWRlc2hvdyI6ImFsbC1jNzhhMTJhIn0%3D\">\n\t\t\t\t\t<div class=\"e-gallery-image elementor-gallery-item__image\" data-thumbnail=\"https:\/\/wheelchair-tours.org\/wp-content\/uploads\/2020\/01\/Wheelchair-Tours-Rollstuhl-Wanderwege-S\u00fcdtirol-Blog-Eppan-Wegsperre-Weg-Baum-Natali-Panichkina-Unsplash.jpg\" data-width=\"400\" data-height=\"640\" alt=\"Wheelchair-Tours-Rollstuhl-Wanderwege-S\u00fcdtirol-Blog-Eppan-Wegsperre-Weg-Baum-Natali-Panichkina-Unsplash\" ><\/div>\n\t\t\t\t\t\t\t\t\t\t\t<div class=\"elementor-gallery-item__overlay\"><\/div>\n\t\t\t\t\t\t\t\t\t\t\t\t\t\t<\/a>\n\t\t\t\t\t\t\t<a class=\"e-gallery-item elementor-gallery-item elementor-animated-content\" href=\"https:\/\/wheelchair-tours.org\/wp-content\/uploads\/2020\/02\/autumn-3193305_1280.jpg\" data-elementor-open-lightbox=\"yes\" data-elementor-lightbox-slideshow=\"all-c78a12a\" data-elementor-lightbox-title=\"Wheelchair-Tours-Rollstuhl-Blog_Eppan_Sperrung_Wandwege_Quelle_JohannesPlenio_Pixaby\" data-elementor-lightbox-description=\"\u00a9 Johannes Plenio on Pixabay\" data-e-action-hash=\"#elementor-action%3Aaction%3Dlightbox%26settings%3DeyJpZCI6NDExNiwidXJsIjoiaHR0cHM6XC9cL3doZWVsY2hhaXItdG91cnMub3JnXC93cC1jb250ZW50XC91cGxvYWRzXC8yMDIwXC8wMlwvYXV0dW1uLTMxOTMzMDVfMTI4MC5qcGciLCJzbGlkZXNob3ciOiJhbGwtYzc4YTEyYSJ9\">\n\t\t\t\t\t<div class=\"e-gallery-image elementor-gallery-item__image\" data-thumbnail=\"https:\/\/wheelchair-tours.org\/wp-content\/uploads\/2020\/02\/autumn-3193305_1280.jpg\" data-width=\"1280\" data-height=\"720\" alt=\"Wheelchair-Tours-Rollstuhl-Blog_Eppan_Sperrung_Wandwege_Quelle_JohannesPlenio_Pixaby\" ><\/div>\n\t\t\t\t\t\t\t\t\t\t\t<div class=\"elementor-gallery-item__overlay\"><\/div>\n\t\t\t\t\t\t\t\t\t\t\t\t\t\t<\/a>\n\t\t\t\t\t<\/div>\n\t\t\t<\/div>\n\t\t\t\t<\/div>\n\t\t\t\t\t<\/div>\n\t\t<\/div>\n\t\t\t\t\t\t\t<\/div>\n\t\t<\/section>\n\t\t\t\t<section class=\"has_eae_slider elementor-section elementor-top-section elementor-element elementor-element-9bf373c elementor-section-boxed elementor-section-height-default elementor-section-height-default\" data-eae-slider=\"89128\" data-id=\"9bf373c\" data-element_type=\"section\">\n\t\t\t\t\t\t<div class=\"elementor-container elementor-column-gap-default\">\n\t\t\t\t\t<div class=\"has_eae_slider elementor-column elementor-col-100 elementor-top-column elementor-element elementor-element-8408721\" data-eae-slider=\"90957\" data-id=\"8408721\" data-element_type=\"column\">\n\t\t\t<div class=\"elementor-widget-wrap elementor-element-populated\">\n\t\t\t\t\t\t\t\t<div class=\"elementor-element elementor-element-93d632c elementor-blockquote--skin-quotation elementor-blockquote--align-center elementor-blockquote--button-color-custom elementor-widget elementor-widget-blockquote\" data-id=\"93d632c\" data-element_type=\"widget\" data-widget_type=\"blockquote.default\">\n\t\t\t\t<div class=\"elementor-widget-container\">\n\t\t\t\t\t<blockquote class=\"elementor-blockquote\">\n\t\t\t<p class=\"elementor-blockquote__content\">\n\t\t\t\tNon dimenticare un pubblico di riferimento solo perch\u00e9 \u00e8 piccolo!\t\t\t<\/p>\n\t\t\t\t\t\t\t<footer>\n\t\t\t\t\t\t\t\t\t\t\t<cite class=\"elementor-blockquote__author\">Sabrina<\/cite>\n\t\t\t\t\t\t\t\t\t\t\t\t\t\t<\/footer>\n\t\t\t\t\t<\/blockquote>\n\t\t\t\t<\/div>\n\t\t\t\t<\/div>\n\t\t\t\t\t<\/div>\n\t\t<\/div>\n\t\t\t\t\t\t\t<\/div>\n\t\t<\/section>\n\t\t\t\t<section class=\"has_eae_slider elementor-section elementor-top-section elementor-element elementor-element-84372ea elementor-section-boxed elementor-section-height-default elementor-section-height-default\" data-eae-slider=\"60451\" data-id=\"84372ea\" data-element_type=\"section\">\n\t\t\t\t\t\t<div class=\"elementor-container elementor-column-gap-default\">\n\t\t\t\t\t<div class=\"has_eae_slider elementor-column elementor-col-100 elementor-top-column elementor-element elementor-element-fc563ef\" data-eae-slider=\"48900\" data-id=\"fc563ef\" data-element_type=\"column\">\n\t\t\t<div class=\"elementor-widget-wrap elementor-element-populated\">\n\t\t\t\t\t\t\t\t<div class=\"elementor-element elementor-element-cb16876 elementor-widget elementor-widget-heading\" data-id=\"cb16876\" data-element_type=\"widget\" data-widget_type=\"heading.default\">\n\t\t\t\t<div class=\"elementor-widget-container\">\n\t\t\t<h3 class=\"elementor-heading-title elementor-size-default\">Cosa ne pensate?<\/h3>\t\t<\/div>\n\t\t\t\t<\/div>\n\t\t\t\t<div class=\"elementor-element elementor-element-caa247f elementor-widget-divider--view-line elementor-widget elementor-widget-divider\" data-id=\"caa247f\" data-element_type=\"widget\" data-widget_type=\"divider.default\">\n\t\t\t\t<div class=\"elementor-widget-container\">\n\t\t\t\t\t<div class=\"elementor-divider\">\n\t\t\t<span class=\"elementor-divider-separator\">\n\t\t\t\t\t\t<\/span>\n\t\t<\/div>\n\t\t\t\t<\/div>\n\t\t\t\t<\/div>\n\t\t\t\t\t<\/div>\n\t\t<\/div>\n\t\t\t\t\t\t\t<\/div>\n\t\t<\/section>\n\t\t\t\t<section class=\"has_eae_slider elementor-section elementor-top-section elementor-element elementor-element-5fce470 elementor-section-boxed elementor-section-height-default elementor-section-height-default\" data-eae-slider=\"13048\" data-id=\"5fce470\" data-element_type=\"section\">\n\t\t\t\t\t\t<div class=\"elementor-container elementor-column-gap-default\">\n\t\t\t\t\t<div class=\"has_eae_slider elementor-column elementor-col-100 elementor-top-column elementor-element elementor-element-91a34c2\" data-eae-slider=\"26255\" data-id=\"91a34c2\" data-element_type=\"column\">\n\t\t\t<div class=\"elementor-widget-wrap elementor-element-populated\">\n\t\t\t\t\t\t\t\t<div class=\"elementor-element elementor-element-7628f37 elementor-widget elementor-widget-text-editor\" data-id=\"7628f37\" data-element_type=\"widget\" data-widget_type=\"text-editor.default\">\n\t\t\t\t<div class=\"elementor-widget-container\">\n\t\t\t\t\t\t\t<p>Avete mai avuto la stessa esperienza? Vuoi fare una bella escursione o provare il ponte appena costruito su un fiume nelle vicinanze e proprio all'inizio c'\u00e8 un ostacolo inspiegabile? Un ostacolo che in realt\u00e0 non era affatto destinato a te, ma a tenere lontano un ospite indesiderato? Questo non ti fa automaticamente sentire indesiderato?<\/p><p><strong>Ci \u00e8 successo, e spesso. La nostra risposta a questo \u00e8, tra le altre cose, www.wheelchair-tours.org.<\/strong><\/p><p>Con la nostra offerta cerchiamo di rendere l'Alto Adige un po' pi\u00f9 privo di barriere - anche solo fornendo materiale informativo sui sentieri senza tronchi d'albero, cumuli di terra, recinzioni alte un metro o gradini.<\/p>\t\t\t\t\t\t<\/div>\n\t\t\t\t<\/div>\n\t\t\t\t\t<\/div>\n\t\t<\/div>\n\t\t\t\t\t\t\t<\/div>\n\t\t<\/section>\n\t\t\t\t\t\t\t<\/div>","protected":false},"excerpt":{"rendered":"<p>Natura pura pi\u00f9 turismo in Alto Adige e il suo impatto sui sentieri escursionistici Godersi il panorama, respirare aria fresca, essere vicini e connessi alla natura - sono tutte cose che si possono godere sia come locali che come turisti nelle Alpi altoatesine. Non c'\u00e8 da meravigliarsi, quindi, se sempre pi\u00f9 persone sono attratte dalla regione alpina. ...<\/p>\n<p class=\"read-more\"> <a class=\"\" href=\"https:\/\/wheelchair-tours.org\/it\/2020\/02\/01\/suedtirol-und-seine-barrierefreien-wanderwege\/\"> <span class=\"screen-reader-text\">L'Alto Adige e i suoi sentieri \"senza barriere\"<\/span> Leggi altro &raquo;<\/a><\/p>","protected":false},"author":1,"featured_media":4116,"comment_status":"open","ping_status":"open","sticky":false,"template":"","format":"standard","meta":{"_uag_custom_page_level_css":"","site-sidebar-layout":"default","site-content-layout":"default","ast-site-content-layout":"","site-content-style":"default","site-sidebar-style":"default","ast-global-header-display":"","ast-banner-title-visibility":"","ast-main-header-display":"","ast-hfb-above-header-display":"","ast-hfb-below-header-display":"","ast-hfb-mobile-header-display":"","site-post-title":"","ast-breadcrumbs-content":"","ast-featured-img":"","footer-sml-layout":"","theme-transparent-header-meta":"default","adv-header-id-meta":"","stick-header-meta":"","header-above-stick-meta":"","header-main-stick-meta":"","header-below-stick-meta":"","astra-migrate-meta-layouts":"","footnotes":""},"categories":[448],"tags":[318,317,315,306,316],"class_list":["post-4112","post","type-post","status-publish","format-standard","has-post-thumbnail","hentry","category-suedtirol-allgemein","tag-barrierefreiheit","tag-mountainbike","tag-rollstuhl","tag-suedtirol","tag-wandern"],"uagb_featured_image_src":{"full":["https:\/\/wheelchair-tours.org\/wp-content\/uploads\/2020\/02\/autumn-3193305_1280.jpg",1280,720,false],"thumbnail":["https:\/\/wheelchair-tours.org\/wp-content\/uploads\/2020\/02\/autumn-3193305_1280-150x150.jpg",150,150,true],"medium":["https:\/\/wheelchair-tours.org\/wp-content\/uploads\/2020\/02\/autumn-3193305_1280-300x169.jpg",300,169,true],"medium_large":["https:\/\/wheelchair-tours.org\/wp-content\/uploads\/2020\/02\/autumn-3193305_1280-768x432.jpg",768,432,true],"large":["https:\/\/wheelchair-tours.org\/wp-content\/uploads\/2020\/02\/autumn-3193305_1280-1024x576.jpg",1024,576,true],"1536x1536":["https:\/\/wheelchair-tours.org\/wp-content\/uploads\/2020\/02\/autumn-3193305_1280.jpg",1280,720,false],"2048x2048":["https:\/\/wheelchair-tours.org\/wp-content\/uploads\/2020\/02\/autumn-3193305_1280.jpg",1280,720,false],"trp-custom-language-flag":["https:\/\/wheelchair-tours.org\/wp-content\/uploads\/2020\/02\/autumn-3193305_1280.jpg",18,10,false]},"uagb_author_info":{"display_name":"Sabrina","author_link":"https:\/\/wheelchair-tours.org\/it\/author\/sabrina\/"},"uagb_comment_info":6,"uagb_excerpt":"Natur pur mehr Tourismus in S\u00fcdtirol und dessen Auswirkungen auf Wanderwege Die Aussicht genie\u00dfen, frische Luft atmen, der Natur nahe und verbunden zu sein \u2013 das sind alles Dinge, die man als Einheimischer wie auch als Tourist in den S\u00fcdtiroler Alpen genie\u00dfen kann. Kein Wunder also, dass es immer mehr Menschen in die Alpenregion zieht.&hellip;","_links":{"self":[{"href":"https:\/\/wheelchair-tours.org\/it\/wp-json\/wp\/v2\/posts\/4112","targetHints":{"allow":["GET"]}}],"collection":[{"href":"https:\/\/wheelchair-tours.org\/it\/wp-json\/wp\/v2\/posts"}],"about":[{"href":"https:\/\/wheelchair-tours.org\/it\/wp-json\/wp\/v2\/types\/post"}],"author":[{"embeddable":true,"href":"https:\/\/wheelchair-tours.org\/it\/wp-json\/wp\/v2\/users\/1"}],"replies":[{"embeddable":true,"href":"https:\/\/wheelchair-tours.org\/it\/wp-json\/wp\/v2\/comments?post=4112"}],"version-history":[{"count":23,"href":"https:\/\/wheelchair-tours.org\/it\/wp-json\/wp\/v2\/posts\/4112\/revisions"}],"predecessor-version":[{"id":4162,"href":"https:\/\/wheelchair-tours.org\/it\/wp-json\/wp\/v2\/posts\/4112\/revisions\/4162"}],"wp:featuredmedia":[{"embeddable":true,"href":"https:\/\/wheelchair-tours.org\/it\/wp-json\/wp\/v2\/media\/4116"}],"wp:attachment":[{"href":"https:\/\/wheelchair-tours.org\/it\/wp-json\/wp\/v2\/media?parent=4112"}],"wp:term":[{"taxonomy":"category","embeddable":true,"href":"https:\/\/wheelchair-tours.org\/it\/wp-json\/wp\/v2\/categories?post=4112"},{"taxonomy":"post_tag","embeddable":true,"href":"https:\/\/wheelchair-tours.org\/it\/wp-json\/wp\/v2\/tags?post=4112"}],"curies":[{"name":"wp","href":"https:\/\/api.w.org\/{rel}","templated":true}]}}